{"id":7087,"date":"2020-12-01T16:00:18","date_gmt":"2020-12-01T19:00:18","guid":{"rendered":"http:\/\/dgospel.com.br\/portal\/?p=7087"},"modified":"2020-12-01T16:00:20","modified_gmt":"2020-12-01T19:00:20","slug":"governo-ja-empenhou-976-dos-recursos-autorizados-para-combate-a-pandemia","status":"publish","type":"post","link":"https:\/\/dgospel.com.br\/portal\/index.php\/2020\/12\/01\/governo-ja-empenhou-976-dos-recursos-autorizados-para-combate-a-pandemia\/","title":{"rendered":"Governo j\u00e1 empenhou 97,6% dos recursos autorizados para combate \u00e0 pandemia"},"content":{"rendered":"\n<p>\u00c0s v\u00e9speras do final do ano, o governo formalizou o empenho de 97,6% dos recursos autorizados para a\u00e7\u00f5es emergenciais durante a pandemia do novo coronav\u00edrus (R$ 561,1 bilh\u00f5es). J\u00e1 os valores efetivamente pagos chegam a 85,0% (R$ 488,5 bilh\u00f5es).<\/p>\n\n\n\n<p>Empenho \u00e9 a fase da despesa em que o ente p\u00fablico confirma ao credor que h\u00e1 o dinheiro necess\u00e1rio para a quita\u00e7\u00e3o de compromisso assumido. Da mesma forma como a autoriza\u00e7\u00e3o para despesa pode ser revista, \u00e9 poss\u00edvel cancelar um valor empenhado.<\/p>\n\n\n\n<p>Estudo da Consultoria de Or\u00e7amento da C\u00e2mara dos Deputados mostra que o montante autorizado para combate \u00e0 Covid-19 acumulou mais de R$ 574,9 bilh\u00f5es at\u00e9 novembro. O levantamento tamb\u00e9m revisa verba destinada \u00e0 amplia\u00e7\u00e3o do Programa Bolsa Fam\u00edlia.<\/p>\n\n\n\n<p>No relat\u00f3rio, se uma medida provis\u00f3ria de cr\u00e9dito extraordin\u00e1rio perde efic\u00e1cia \u2013 j\u00e1 s\u00e3o 24 nessa situa\u00e7\u00e3o \u2013, ocorre a revis\u00e3o do valor autorizado. As 38 MPs editadas em raz\u00e3o da pandemia somam cerca de R$ 604,0 bilh\u00f5es, mas o total atualizado \u00e9, assim, menor.<\/p>\n\n\n\n<p><strong>Bolsa Fam\u00edlia<\/strong><br>\n        O governo editou em mar\u00e7o a Medida Provis\u00f3ria 929\/20 que, entre outros itens, previa R$ 3 bilh\u00f5es para <a href=\"https:\/\/www.camara.leg.br\/noticias\/648265-mp-libera-credito-extraordinario-de-r-34-bilhoes-para-quatro-ministerios\/\">incluir 1,2 milh\u00e3o de fam\u00edlias no programa<\/a>. Cerca de R$ 396 milh\u00f5es foram pagos. A MP perdeu efic\u00e1cia em julho e n\u00e3o h\u00e1 mais autoriza\u00e7\u00e3o para esse gasto.<\/p>\n\n\n\n<p>A perda de efic\u00e1cia da MP 929 n\u00e3o afetou o Bolsa Fam\u00edlia porque os benef\u00edcios, para quem preenchem os requisitos, foram substitu\u00eddos na pandemia pelas parcelas mensais do aux\u00edlio emergencial de R$ 600 \u2013 agora, R$ 300 \u2013, devido ao maior valor.<\/p>\n\n\n\n<p>Por essa raz\u00e3o, levando em conta que a MP 929 \u201ccaducou\u201d e houve o cancelamento de parte do cr\u00e9dito extraordin\u00e1rio, o estudo da consultoria considera conclu\u00eddos os repasses para a amplia\u00e7\u00e3o do Bolsa Fam\u00edlia. Agora s\u00e3o 12,4 milh\u00f5es de fam\u00edlias nesse programa.<\/p>\n\n\n\n<p><strong>Balan\u00e7o das a\u00e7\u00f5es<\/strong><br>\n        Das a\u00e7\u00f5es emergenciais, outras seis est\u00e3o com repasses conclu\u00eddos: o socorro aos entes federativos; o apoio \u00e0s micro, pequenas e m\u00e9dias empresas; o financiamento da folha salarial; a isen\u00e7\u00e3o da tarifa de conta de luz; ao apoio ao setor cultural; e o aux\u00edlio \u00e0s institui\u00e7\u00f5es para idosos.<\/p>\n\n\n\n<p>O aux\u00edlio emergencial destinado \u00e0s pessoas em situa\u00e7\u00e3o de vulnerabilidade \u00e9 a principal medida na pandemia. No total, somadas as duas fases, foram autorizados R$ 321,8 bilh\u00f5es, dos quais R$ 275,6 bilh\u00f5es (85,6%) j\u00e1 chegaram efetivamente aos benefici\u00e1rios.<\/p>\n\n\n\n\n\n<p><strong>Comiss\u00e3o mista<\/strong><br>\n        Esses dados dever\u00e3o ser analisados pela comiss\u00e3o mista que acompanha a execu\u00e7\u00e3o or\u00e7ament\u00e1ria e financeira das a\u00e7\u00f5es relacionadas ao novo coronav\u00edrus. O colegiado foi criado pelo decreto legislativo que reconheceu o estado de calamidade p\u00fablica no Pa\u00eds.<\/p>\n\n\n\n<p>A comiss\u00e3o mista \u00e9 formada por seis deputados e seis senadores, com igual n\u00famero de suplentes. O presidente do colegiado \u00e9 o senador Conf\u00facio Moura (MDB-RO). A relatoria est\u00e1 a cargo do deputado Francisco Jr. (PSD-GO).<\/p>\n\n\n\n<p>Fonte: Ag\u00eancia C\u00e2mara de Not\u00edcias<\/p>\n","protected":false},"excerpt":{"rendered":"<p>\u00c0s v\u00e9speras do final do ano, o governo formalizou o empenho de 97,6% dos recursos autorizados para a\u00e7\u00f5es emergenciais durante a pandemia do novo coronav\u00edrus (R$ 561,1 bilh\u00f5es). J\u00e1 os valores efetivamente pagos chegam a 85,0% (R$ 488,5 bilh\u00f5es). Empenho \u00e9 a fase da despesa em que o ente p\u00fablico confirma ao credor que h\u00e1 [&hellip;]<\/p>\n","protected":false},"author":2,"featured_media":7088,"comment_status":"open","ping_status":"open","sticky":false,"template":"","format":"standard","meta":[],"categories":[8],"tags":[14],"_links":{"self":[{"href":"https:\/\/dgospel.com.br\/portal\/index.php\/wp-json\/wp\/v2\/posts\/7087"}],"collection":[{"href":"https:\/\/dgospel.com.br\/portal\/index.php\/wp-json\/wp\/v2\/posts"}],"about":[{"href":"https:\/\/dgospel.com.br\/portal\/index.php\/wp-json\/wp\/v2\/types\/post"}],"author":[{"embeddable":true,"href":"https:\/\/dgospel.com.br\/portal\/index.php\/wp-json\/wp\/v2\/users\/2"}],"replies":[{"embeddable":true,"href":"https:\/\/dgospel.com.br\/portal\/index.php\/wp-json\/wp\/v2\/comments?post=7087"}],"version-history":[{"count":1,"href":"https:\/\/dgospel.com.br\/portal\/index.php\/wp-json\/wp\/v2\/posts\/7087\/revisions"}],"predecessor-version":[{"id":7089,"href":"https:\/\/dgospel.com.br\/portal\/index.php\/wp-json\/wp\/v2\/posts\/7087\/revisions\/7089"}],"wp:featuredmedia":[{"embeddable":true,"href":"https:\/\/dgospel.com.br\/portal\/index.php\/wp-json\/wp\/v2\/media\/7088"}],"wp:attachment":[{"href":"https:\/\/dgospel.com.br\/portal\/index.php\/wp-json\/wp\/v2\/media?parent=7087"}],"wp:term":[{"taxonomy":"category","embeddable":true,"href":"https:\/\/dgospel.com.br\/portal\/index.php\/wp-json\/wp\/v2\/categories?post=7087"},{"taxonomy":"post_tag","embeddable":true,"href":"https:\/\/dgospel.com.br\/portal\/index.php\/wp-json\/wp\/v2\/tags?post=7087"}],"curies":[{"name":"wp","href":"https:\/\/api.w.org\/{rel}","templated":true}]}}