{"id":709,"date":"2018-07-05T17:51:27","date_gmt":"2018-07-05T20:51:27","guid":{"rendered":"http:\/\/dgospel.com.br\/portal\/?p=709"},"modified":"2018-07-05T17:51:27","modified_gmt":"2018-07-05T20:51:27","slug":"tecnicas-da-saude-orientam-viajantes-sobre-prevencao-da-malaria-e-febre-amarela","status":"publish","type":"post","link":"https:\/\/dgospel.com.br\/portal\/index.php\/2018\/07\/05\/tecnicas-da-saude-orientam-viajantes-sobre-prevencao-da-malaria-e-febre-amarela\/","title":{"rendered":"T\u00e9cnicas da sa\u00fade orientam viajantes sobre preven\u00e7\u00e3o da mal\u00e1ria e febre amarela"},"content":{"rendered":"<p class=\"yiv8957623760MsoNormal\">Com foco em atingir um maior n\u00famero de pessoas que chegam e saem de Palmas, as t\u00e9cnicas da Unidade de Vigil\u00e2ncia e Controle de Zoonoses (UVCZ) de Palmas est\u00e3o desenvolvendo a\u00e7\u00f5es de orienta\u00e7\u00e3o sobre preven\u00e7\u00e3o e cuidados para evitar a mal\u00e1ria e tamb\u00e9m a febre amarela. A a\u00e7\u00e3o organizada pela Secretaria Municipal de Sa\u00fade vem acontecendo tamb\u00e9m no Aeroporto Internacional Brigadeiro Lysias Rodrigues.<\/p>\n<p class=\"yiv8957623760MsoNormal\">Nesta sexta-feira, 06, a partir das 8 horas, as profissionais far\u00e3o o trabalho de conscientiza\u00e7\u00e3o aos viajantes que circularem no Terminal Rodovi\u00e1rio de Palmas. De acordo com a equipe, a maior preocupa\u00e7\u00e3o \u00e9 com quem tem viagem programada para os estados do Acre, Amap\u00e1, Amazonas, Par\u00e1, Rond\u00f4nia e Roraima, onde ainda h\u00e1 incid\u00eancia das doen\u00e7as. As pessoas est\u00e3o recebendo material impresso e ainda est\u00e3o sendo exibidas informa\u00e7\u00f5es sobre a doen\u00e7a nos pain\u00e9is de orienta\u00e7\u00e3o.<\/p>\n<p class=\"yiv8957623760MsoNormal\">\u201cAqui em Palmas n\u00e3o temos casos de mal\u00e1ria aut\u00f3ctona, ou seja, que s\u00e3o provenientes da cidade desde 2005, mas existem casos que s\u00e3o importados de outros estados e da regi\u00e3o Norte do Tocantins. O objetivo \u00e9 informar os viajantes que v\u00e3o para essas regi\u00f5es que se protejam usando roupas claras, camisas com manga longa, cal\u00e7as compridas e fa\u00e7am uso do repelente, para que n\u00e3o tragam a mal\u00e1ria, uma vez que o mosquito vetor da doen\u00e7a pode ser encontrado aqui e caso algu\u00e9m infectado seja picado por esse mosquito, a Capital pode se tornar uma zona end\u00eamica\u201d, explica a coordenadora de Educa\u00e7\u00e3o em Sa\u00fade da Unidade de Vigil\u00e2ncia e Controle de Zoonoses (UVCZ), Alessandra Moreira.<\/p>\n<p class=\"yiv8957623760MsoNormal\">Al\u00e9m disso, ser\u00e3o distribu\u00eddos panfletos explicativos, \u00a0com informa\u00e7\u00f5es sobre os servi\u00e7os dispon\u00edveis na rede municipal de sa\u00fade.<\/p>\n<p class=\"yiv8957623760MsoNormal\">\n<p class=\"yiv8957623760MsoNormal\"><b>Mal\u00e1ria<\/b><\/p>\n<p class=\"yiv8957623760MsoNormal\">A mal\u00e1ria \u00e9 uma doen\u00e7a infecciosa febril aguda, causada pela picada da f\u00eamea infectada do mosquito (<i>Anopheles<\/i>), que hospeda o parasita do g\u00eanero\u00a0<i>Plasmodium<\/i>. O mosquito \u00e9 conhecido popularmente como muri\u00e7oca, sovela, mosquito-prego, carapan\u00e3 ou bicuda e costuma ser encontrado em locais onde h\u00e1 \u00e1gua limpa, sombreada e parada.<\/p>\n<p class=\"yiv8957623760MsoNormal\">A doen\u00e7a pode causar dor de cabe\u00e7a, dores no corpo, fraqueza, febre alta e calafrios est\u00e3o entre os sintomas, e podem vir acompanhados por dor abdominal e nas costas, tontura, n\u00e1useas e v\u00f4mitos.<\/p>\n<p class=\"yiv8957623760MsoNormal\">\n<p class=\"yiv8957623760MsoNormal\"><b>Febre amarela<\/b><\/p>\n<p class=\"yiv8957623760MsoNormal\">A febre amarela \u00e9 uma doen\u00e7a infecciosa febril aguda, causada por um v\u00edrus transmitido por mosquitos vetores, e possui dois ciclos de transmiss\u00e3o: silvestre (quando h\u00e1 transmiss\u00e3o em \u00e1rea rural ou de floresta) e urbano. O v\u00edrus \u00e9 transmitido pela picada dos mosquitos transmissores infectados e n\u00e3o h\u00e1 transmiss\u00e3o direta de pessoa a pessoa. A febre amarela tem import\u00e2ncia epidemiol\u00f3gica por sua gravidade cl\u00ednica e potencial de dissemina\u00e7\u00e3o em \u00e1reas urbanas infestadas pelo mosquito\u00a0<i>Aedes aegypti<\/i>.<\/p>\n","protected":false},"excerpt":{"rendered":"<p>Com foco em atingir um maior n\u00famero de pessoas que chegam e saem de Palmas, as t\u00e9cnicas da Unidade de Vigil\u00e2ncia e Controle de Zoonoses (UVCZ) de Palmas est\u00e3o desenvolvendo a\u00e7\u00f5es de orienta\u00e7\u00e3o sobre preven\u00e7\u00e3o e cuidados para evitar a mal\u00e1ria e tamb\u00e9m a febre amarela. A a\u00e7\u00e3o organizada pela Secretaria Municipal de Sa\u00fade vem [&hellip;]<\/p>\n","protected":false},"author":2,"featured_media":710,"comment_status":"open","ping_status":"open","sticky":false,"template":"","format":"standard","meta":[],"categories":[2,3],"tags":[],"_links":{"self":[{"href":"https:\/\/dgospel.com.br\/portal\/index.php\/wp-json\/wp\/v2\/posts\/709"}],"collection":[{"href":"https:\/\/dgospel.com.br\/portal\/index.php\/wp-json\/wp\/v2\/posts"}],"about":[{"href":"https:\/\/dgospel.com.br\/portal\/index.php\/wp-json\/wp\/v2\/types\/post"}],"author":[{"embeddable":true,"href":"https:\/\/dgospel.com.br\/portal\/index.php\/wp-json\/wp\/v2\/users\/2"}],"replies":[{"embeddable":true,"href":"https:\/\/dgospel.com.br\/portal\/index.php\/wp-json\/wp\/v2\/comments?post=709"}],"version-history":[{"count":1,"href":"https:\/\/dgospel.com.br\/portal\/index.php\/wp-json\/wp\/v2\/posts\/709\/revisions"}],"predecessor-version":[{"id":711,"href":"https:\/\/dgospel.com.br\/portal\/index.php\/wp-json\/wp\/v2\/posts\/709\/revisions\/711"}],"wp:featuredmedia":[{"embeddable":true,"href":"https:\/\/dgospel.com.br\/portal\/index.php\/wp-json\/wp\/v2\/media\/710"}],"wp:attachment":[{"href":"https:\/\/dgospel.com.br\/portal\/index.php\/wp-json\/wp\/v2\/media?parent=709"}],"wp:term":[{"taxonomy":"category","embeddable":true,"href":"https:\/\/dgospel.com.br\/portal\/index.php\/wp-json\/wp\/v2\/categories?post=709"},{"taxonomy":"post_tag","embeddable":true,"href":"https:\/\/dgospel.com.br\/portal\/index.php\/wp-json\/wp\/v2\/tags?post=709"}],"curies":[{"name":"wp","href":"https:\/\/api.w.org\/{rel}","templated":true}]}}