{"id":7096,"date":"2020-12-01T16:20:51","date_gmt":"2020-12-01T19:20:51","guid":{"rendered":"http:\/\/dgospel.com.br\/portal\/?p=7096"},"modified":"2020-12-01T16:20:54","modified_gmt":"2020-12-01T19:20:54","slug":"policia-militar-promove-campanha-de-doacao-de-sangue-em-palmas","status":"publish","type":"post","link":"https:\/\/dgospel.com.br\/portal\/index.php\/2020\/12\/01\/policia-militar-promove-campanha-de-doacao-de-sangue-em-palmas\/","title":{"rendered":"Pol\u00edcia Militar promove campanha de doa\u00e7\u00e3o de sangue em Palmas"},"content":{"rendered":"\n<p>A Pol\u00edcia Militar, por meio do 1\u00ba Batalh\u00e3o, realiza a 2\u00aa edi\u00e7\u00e3o da Campanha&nbsp;<em>PM Sangue Bom<\/em>&nbsp;e receber\u00e1, nesta quarta-feira, 2, a unidade m\u00f3vel do hemocentro no p\u00e1tio do quartel em Palmas, para incentivar os militares e os familiares a fazerem a doa\u00e7\u00e3o. A a\u00e7\u00e3o conta com apoio da Funda\u00e7\u00e3o Pr\u00f3-Tocantins.<\/p>\n\n\n\n<p>Em raz\u00e3o das restri\u00e7\u00f5es impostas pela pandemia do novo Coronav\u00edrus, bancos de sangue dos hemocentros da Capital est\u00e3o com baixo estoque&nbsp;e v\u00eam enfrentando problemas, devido \u00e0 redu\u00e7\u00e3o dos doadores.&nbsp;<\/p>\n\n\n\n<p>A campanha est\u00e1 na sua 2\u00aa edi\u00e7\u00e3o e os interessados poder\u00e3o procurar a sede do 1\u00b0&nbsp;Batalh\u00e3o da Pol\u00edcia Militar, localizado na Avenida LO-5, Quadra 303 Sul, no dia 2 de dezembro das 7h30&nbsp;\u00e0s 12 horas. Durante o atendimento, profissionais estar\u00e3o realizando exames de press\u00e3o arterial e o teste de glicemia. Para maiores informa\u00e7\u00f5es, entre em contato pelo telefone 63 98403-2921,&nbsp;falar com a sargento Mauriza.&nbsp;<\/p>\n\n\n\n<p>\u201cA&nbsp;unidade tem se preocupado em contribuir ativamente com a\u00e7\u00f5es sociais que atendam aos anseios da sociedade, por essa raz\u00e3o estimula que os militares da Unidade estejam sempre engajados em causas como essa\u201d, destacou&nbsp;o comandante do 1\u00ba Batalh\u00e3o da PM, tenente-coronel Jo\u00e3o Leyde de Souza Nascimento.<\/p>\n\n\n\n<p>Durante a realiza\u00e7\u00e3o do projeto, haver\u00e1 ainda um caf\u00e9 da manh\u00e3 com a presen\u00e7a de representantes de outras for\u00e7as de seguran\u00e7a p\u00fablica estaduais e municipais, Ag\u00eancia de Tr\u00e3nsito, Transporte e Mobilidade (ATTM), Guarda Municipal de Palmas, Departamento Estadual de Tr\u00e2nsito (Detran), Pol\u00edcia Penal, Pol\u00edcia Civil,&nbsp; Batalh\u00e3o de Pol\u00edcia Militar de Choque (BPCHOQUE), Batalh\u00e3o de Pol\u00edcia Militar Ambiental (BPMA),&nbsp;Batalh\u00e3o de Pol\u00edcia Militar Rodovi\u00e1rio e de Divisas (BPMRED), Companhia Independente de Opera\u00e7\u00f5es Especiais (CIOE), Quartel do Comando Geral (QCG), 6\u00b0 Batalh\u00e3o da BPM, 1\u00b0 Batalh\u00e3o de Bombeiros Militar e Funda\u00e7\u00e3o Pr\u00f3-Tocantins, que \u00e9 parceira do evento.<\/p>\n","protected":false},"excerpt":{"rendered":"<p>A Pol\u00edcia Militar, por meio do 1\u00ba Batalh\u00e3o, realiza a 2\u00aa edi\u00e7\u00e3o da Campanha&nbsp;PM Sangue Bom&nbsp;e receber\u00e1, nesta quarta-feira, 2, a unidade m\u00f3vel do hemocentro no p\u00e1tio do quartel em Palmas, para incentivar os militares e os familiares a fazerem a doa\u00e7\u00e3o. A a\u00e7\u00e3o conta com apoio da Funda\u00e7\u00e3o Pr\u00f3-Tocantins. Em raz\u00e3o das restri\u00e7\u00f5es impostas [&hellip;]<\/p>\n","protected":false},"author":2,"featured_media":7097,"comment_status":"open","ping_status":"open","sticky":false,"template":"","format":"standard","meta":[],"categories":[3],"tags":[],"_links":{"self":[{"href":"https:\/\/dgospel.com.br\/portal\/index.php\/wp-json\/wp\/v2\/posts\/7096"}],"collection":[{"href":"https:\/\/dgospel.com.br\/portal\/index.php\/wp-json\/wp\/v2\/posts"}],"about":[{"href":"https:\/\/dgospel.com.br\/portal\/index.php\/wp-json\/wp\/v2\/types\/post"}],"author":[{"embeddable":true,"href":"https:\/\/dgospel.com.br\/portal\/index.php\/wp-json\/wp\/v2\/users\/2"}],"replies":[{"embeddable":true,"href":"https:\/\/dgospel.com.br\/portal\/index.php\/wp-json\/wp\/v2\/comments?post=7096"}],"version-history":[{"count":1,"href":"https:\/\/dgospel.com.br\/portal\/index.php\/wp-json\/wp\/v2\/posts\/7096\/revisions"}],"predecessor-version":[{"id":7098,"href":"https:\/\/dgospel.com.br\/portal\/index.php\/wp-json\/wp\/v2\/posts\/7096\/revisions\/7098"}],"wp:featuredmedia":[{"embeddable":true,"href":"https:\/\/dgospel.com.br\/portal\/index.php\/wp-json\/wp\/v2\/media\/7097"}],"wp:attachment":[{"href":"https:\/\/dgospel.com.br\/portal\/index.php\/wp-json\/wp\/v2\/media?parent=7096"}],"wp:term":[{"taxonomy":"category","embeddable":true,"href":"https:\/\/dgospel.com.br\/portal\/index.php\/wp-json\/wp\/v2\/categories?post=7096"},{"taxonomy":"post_tag","embeddable":true,"href":"https:\/\/dgospel.com.br\/portal\/index.php\/wp-json\/wp\/v2\/tags?post=7096"}],"curies":[{"name":"wp","href":"https:\/\/api.w.org\/{rel}","templated":true}]}}