{"id":7108,"date":"2020-12-02T11:46:57","date_gmt":"2020-12-02T14:46:57","guid":{"rendered":"http:\/\/dgospel.com.br\/portal\/?p=7108"},"modified":"2020-12-02T11:46:58","modified_gmt":"2020-12-02T14:46:58","slug":"prefeita-eleita-em-bauru-sofre-ataques-por-ser-evangelica","status":"publish","type":"post","link":"https:\/\/dgospel.com.br\/portal\/index.php\/2020\/12\/02\/prefeita-eleita-em-bauru-sofre-ataques-por-ser-evangelica\/","title":{"rendered":"Prefeita eleita em Bauru sofre ataques por ser evang\u00e9lica"},"content":{"rendered":"\n<p> Eleita no \u00faltimo domingo (29) como prefeita da cidade de Bauru, no interior de S\u00e3o Paulo, a jornalista Su\u00e9llen Rosim (Patriota) tem sofrido ataques nas redes sociais por conta de suas posi\u00e7\u00f5es pol\u00edticas e religiosas. Em grupos de WhatsApp, militantes de esquerda vem ofendendo Rosim pelo fato dela se manifestar conservadora e evang\u00e9lica. <\/p>\n\n\n\n<p> Em uma das mensagens compartilhadas nas redes sociais ao longo desta semana, um militante acusa Suellen de ter estragado a pr\u00f3pria vida por conta de suas escolhas ideol\u00f3gicas e religiosas. <\/p>\n\n\n\n<p>\u2013 T\u00e3o jovem e j\u00e1 estragou a vida sendo evang\u00e9lica e conservadora? \u2013 questiona a postagem.<\/p>\n\n\n\n<p>Em uma outra postagem, um manifestante diz que Suellen, como evang\u00e9lica, busca apenas conservar a \u201csubmiss\u00e3o da mulher\u201d. O militante de esquerda ainda ataca diversos pontos defendidos pela igreja evang\u00e9lica.<\/p>\n\n\n\n<p>\u2013 Esta criatura quer conservar o que? O que estes pseudo evang\u00e9licos querem conservar \u00e9 a submiss\u00e3o da mulher mesmo quando a mesma \u00e9 agredida e tra\u00edda pelo cidad\u00e3o de bem; o racismo quando eles bem entendem, a homofobia que eles apontam como pecado, mas tem telhado de vidro \u2013 declarou o militante.<\/p>\n\n\n\n<p>A prefeita eleita tamb\u00e9m foi alvo de ofensas racistas em algumas mensagens nas redes. Em uma das postagens, um usu\u00e1rio afirmou que Bauru n\u00e3o merecia ter uma prefeita \u201cde cor com cara de favelada\u201d no comando da cidade.<\/p>\n\n\n\n<p>\u2013 Bauru n\u00e3o merecia ter essa prefeita de cor com cara de favelada comandando nossa cidade. A senzala estar\u00e1 no poder nos pr\u00f3ximos quatro anos \u2013 afirmou.<\/p>\n\n\n\n<p>Suellen, que faz parte do Minist\u00e9rio Levando a Adora\u00e7\u00e3o, afirmou que vai combater os ataques e que j\u00e1 registou um Boletim de Ocorr\u00eancia para que os culpados sejam investigados. A nova gestora da cidade foi eleita em segundo turno com 89,7 mil votos contra 70,5 mil do candidato Doutor Raul, do MDB.<\/p>\n","protected":false},"excerpt":{"rendered":"<p>Eleita no \u00faltimo domingo (29) como prefeita da cidade de Bauru, no interior de S\u00e3o Paulo, a jornalista Su\u00e9llen Rosim (Patriota) tem sofrido ataques nas redes sociais por conta de suas posi\u00e7\u00f5es pol\u00edticas e religiosas. Em grupos de WhatsApp, militantes de esquerda vem ofendendo Rosim pelo fato dela se manifestar conservadora e evang\u00e9lica. Em uma [&hellip;]<\/p>\n","protected":false},"author":2,"featured_media":7109,"comment_status":"open","ping_status":"open","sticky":false,"template":"","format":"standard","meta":[],"categories":[4],"tags":[13,14],"_links":{"self":[{"href":"https:\/\/dgospel.com.br\/portal\/index.php\/wp-json\/wp\/v2\/posts\/7108"}],"collection":[{"href":"https:\/\/dgospel.com.br\/portal\/index.php\/wp-json\/wp\/v2\/posts"}],"about":[{"href":"https:\/\/dgospel.com.br\/portal\/index.php\/wp-json\/wp\/v2\/types\/post"}],"author":[{"embeddable":true,"href":"https:\/\/dgospel.com.br\/portal\/index.php\/wp-json\/wp\/v2\/users\/2"}],"replies":[{"embeddable":true,"href":"https:\/\/dgospel.com.br\/portal\/index.php\/wp-json\/wp\/v2\/comments?post=7108"}],"version-history":[{"count":1,"href":"https:\/\/dgospel.com.br\/portal\/index.php\/wp-json\/wp\/v2\/posts\/7108\/revisions"}],"predecessor-version":[{"id":7110,"href":"https:\/\/dgospel.com.br\/portal\/index.php\/wp-json\/wp\/v2\/posts\/7108\/revisions\/7110"}],"wp:featuredmedia":[{"embeddable":true,"href":"https:\/\/dgospel.com.br\/portal\/index.php\/wp-json\/wp\/v2\/media\/7109"}],"wp:attachment":[{"href":"https:\/\/dgospel.com.br\/portal\/index.php\/wp-json\/wp\/v2\/media?parent=7108"}],"wp:term":[{"taxonomy":"category","embeddable":true,"href":"https:\/\/dgospel.com.br\/portal\/index.php\/wp-json\/wp\/v2\/categories?post=7108"},{"taxonomy":"post_tag","embeddable":true,"href":"https:\/\/dgospel.com.br\/portal\/index.php\/wp-json\/wp\/v2\/tags?post=7108"}],"curies":[{"name":"wp","href":"https:\/\/api.w.org\/{rel}","templated":true}]}}