{"id":7118,"date":"2020-12-07T09:23:06","date_gmt":"2020-12-07T12:23:06","guid":{"rendered":"http:\/\/dgospel.com.br\/portal\/?p=7118"},"modified":"2020-12-07T09:23:08","modified_gmt":"2020-12-07T12:23:08","slug":"stf-barra-reeleicao-de-rodrigo-maia-e-davi-alcolumbre","status":"publish","type":"post","link":"https:\/\/dgospel.com.br\/portal\/index.php\/2020\/12\/07\/stf-barra-reeleicao-de-rodrigo-maia-e-davi-alcolumbre\/","title":{"rendered":"STF barra reelei\u00e7\u00e3o de Rodrigo Maia e Davi Alcolumbre"},"content":{"rendered":"\n<p> O Supremo Tribunal Federal (STF) decidiu na noite deste domingo derrubar a permiss\u00e3o para que os atuais presidentes da C\u00e2mara, Rodrigo Maia (DEM-RJ), e do Senado (DEM-AP), disputem a reelei\u00e7\u00e3o. A elei\u00e7\u00e3o da c\u00fapula do Congresso est\u00e1 marcada para 1\u00ba de fevereiro de 2021. <\/p>\n\n\n\n<p> Por 6 a 5, o STF decidiu n\u00e3o dar permiss\u00e3o para a reelei\u00e7\u00e3o de Alcolumbre. No caso de Maia, a derrota foi ainda maior: o placar foi de 7 a 4. <\/p>\n\n\n\n<p>Os ministros Lu\u00eds Roberto Barroso, Edson Fachin e Luiz Fux votaram neste domingo contra a possibilidade de reelei\u00e7\u00e3o dos presidentes da C\u00e2mara. Com os tr\u00eas \u00faltimos votos, o Supremo barrou a tese de reelei\u00e7\u00e3o no Congresso.<\/p>\n\n\n\n<figure class=\"wp-block-image\"><img src=\"https:\/\/static.cdn.pleno.news\/2020\/12\/csm_rodrigomaiachora_abr_1b4d8c08ae.jpg\" alt=\"\" class=\"wp-image-617241\"\/><figcaption>Placar foi ainda mais desfavor\u00e1vel a Maia, que perdeu por 7 a 4&nbsp;Foto: Ag\u00eancia Brasil<\/figcaption><\/figure>\n\n\n\n<p>A elei\u00e7\u00e3o para a c\u00fapula do Congresso \u00e9 a disputa pol\u00edtica mais importante do pr\u00f3ximo ano. Os presidentes da C\u00e2mara e do Senado comandam a agenda legislativa do pa\u00eds, articulam a estrat\u00e9gia para a aprova\u00e7\u00e3o de reformas priorit\u00e1rias do governo e s\u00e3o respons\u00e1veis por controlar n\u00e3o apenas a abertura de CPIs, mas tamb\u00e9m o andamento de pedidos de impeachment \u2013 do presidente da Rep\u00fablica, no caso da C\u00e2mara; dos ministros do STF, no caso do Senado.<\/p>\n\n\n\n<p><strong>REGRA DA DITADURA<br><\/strong>H\u00e1 mais de meio s\u00e9culo, a reelei\u00e7\u00e3o \u00e9 proibida na c\u00fapula do Congresso. Em 1969, o Ato Institucional n\u00famero 16, editado pela ditadura militar, proibiu a recondu\u00e7\u00e3o ao cargo dos presidentes da C\u00e2mara e do Senado. O veto foi imposto pelo regime ditatorial em uma manobra contra o ent\u00e3o presidente da C\u00e2mara, Jos\u00e9 Bonif\u00e1cio Lafayette de Andrada. Mesmo filiado ao Arena, Andrada provocou irrita\u00e7\u00e3o em setores radicais do governo ao permitir que colegas parlamentares denunciassem da tribuna a repress\u00e3o das For\u00e7as Armadas.<\/p>\n\n\n\n<p>Antes disso, n\u00e3o eram incomuns a reelei\u00e7\u00e3o por mandatos consecutivos, como foi o caso de Ranieri Mazzilli, que comandou a C\u00e2mara por um per\u00edodo de sete anos (de 1958 a 1965). Arnolfo Azevedo (1921-1926), Astolfo Dutra (1915-1919) e Sabino Barroso (1909-1914) tamb\u00e9m foram reeleitos.<\/p>\n\n\n\n<p>A Constitui\u00e7\u00e3o de 1988, em pleno regime democr\u00e1tico, refor\u00e7ou o veto \u00e0 reelei\u00e7\u00e3o colocado pelos militares.<\/p>\n\n\n\n<p>\u2013 Cada uma das Casas reunir-se-\u00e1 em sess\u00f5es preparat\u00f3rias, a partir de 1\u00ba de fevereiro, no primeiro ano da legislatura, para a posse de seus membros e elei\u00e7\u00e3o das respectivas mesas, para mandato de dois anos, vedada a recondu\u00e7\u00e3o para o mesmo cargo na elei\u00e7\u00e3o imediatamente subseq\u00fcente \u2013 diz o artigo 57 da Carta.<\/p>\n\n\n\n<p>De l\u00e1 pra c\u00e1, o Supremo flexibilizou a regra: passou a permitir a reelei\u00e7\u00e3o no caso de mandato-tamp\u00e3o e em legislaturas diferentes.<\/p>\n\n\n\n<p>*Estad\u00e3o<\/p>\n\n\n\n<p> <\/p>\n","protected":false},"excerpt":{"rendered":"<p>O Supremo Tribunal Federal (STF) decidiu na noite deste domingo derrubar a permiss\u00e3o para que os atuais presidentes da C\u00e2mara, Rodrigo Maia (DEM-RJ), e do Senado (DEM-AP), disputem a reelei\u00e7\u00e3o. A elei\u00e7\u00e3o da c\u00fapula do Congresso est\u00e1 marcada para 1\u00ba de fevereiro de 2021. Por 6 a 5, o STF decidiu n\u00e3o dar permiss\u00e3o para [&hellip;]<\/p>\n","protected":false},"author":2,"featured_media":7119,"comment_status":"open","ping_status":"open","sticky":false,"template":"","format":"standard","meta":[],"categories":[4],"tags":[13,14],"_links":{"self":[{"href":"https:\/\/dgospel.com.br\/portal\/index.php\/wp-json\/wp\/v2\/posts\/7118"}],"collection":[{"href":"https:\/\/dgospel.com.br\/portal\/index.php\/wp-json\/wp\/v2\/posts"}],"about":[{"href":"https:\/\/dgospel.com.br\/portal\/index.php\/wp-json\/wp\/v2\/types\/post"}],"author":[{"embeddable":true,"href":"https:\/\/dgospel.com.br\/portal\/index.php\/wp-json\/wp\/v2\/users\/2"}],"replies":[{"embeddable":true,"href":"https:\/\/dgospel.com.br\/portal\/index.php\/wp-json\/wp\/v2\/comments?post=7118"}],"version-history":[{"count":1,"href":"https:\/\/dgospel.com.br\/portal\/index.php\/wp-json\/wp\/v2\/posts\/7118\/revisions"}],"predecessor-version":[{"id":7120,"href":"https:\/\/dgospel.com.br\/portal\/index.php\/wp-json\/wp\/v2\/posts\/7118\/revisions\/7120"}],"wp:featuredmedia":[{"embeddable":true,"href":"https:\/\/dgospel.com.br\/portal\/index.php\/wp-json\/wp\/v2\/media\/7119"}],"wp:attachment":[{"href":"https:\/\/dgospel.com.br\/portal\/index.php\/wp-json\/wp\/v2\/media?parent=7118"}],"wp:term":[{"taxonomy":"category","embeddable":true,"href":"https:\/\/dgospel.com.br\/portal\/index.php\/wp-json\/wp\/v2\/categories?post=7118"},{"taxonomy":"post_tag","embeddable":true,"href":"https:\/\/dgospel.com.br\/portal\/index.php\/wp-json\/wp\/v2\/tags?post=7118"}],"curies":[{"name":"wp","href":"https:\/\/api.w.org\/{rel}","templated":true}]}}