{"id":7134,"date":"2020-12-14T16:26:13","date_gmt":"2020-12-14T19:26:13","guid":{"rendered":"http:\/\/dgospel.com.br\/portal\/?p=7134"},"modified":"2020-12-14T16:26:15","modified_gmt":"2020-12-14T19:26:15","slug":"solicitacao-de-emprestimo-de-r-30-milhoes-do-governo-e-encaminhada-a-ccj","status":"publish","type":"post","link":"https:\/\/dgospel.com.br\/portal\/index.php\/2020\/12\/14\/solicitacao-de-emprestimo-de-r-30-milhoes-do-governo-e-encaminhada-a-ccj\/","title":{"rendered":"Solicita\u00e7\u00e3o de empr\u00e9stimo de R$ 30 milh\u00f5es do Governo \u00e9 encaminhada \u00e0 CCJ"},"content":{"rendered":"\n<p>Mesa\nDiretora da Aleto encaminhou para an\u00e1lise da Comiss\u00e3o de Constitui\u00e7\u00e3o, Justi\u00e7a\ne Reda\u00e7\u00e3o (CCJ), na manh\u00e3 desta quarta-feira, 9, projeto de lei do Governo do\nEstado que disp\u00f5e sobre a contrata\u00e7\u00e3o de cr\u00e9dito junto ao Banco do Brasil.<\/p>\n\n\n\n<p>Trata-se\ndo Projeto de Lei n\u00b0 9, de 8 de dezembro de 2020, destinado \u00e0 contrata\u00e7\u00e3o de\ncr\u00e9dito no valor de R$ 30 milh\u00f5es. Os recursos ser\u00e3o destinados ao projeto de\npavimenta\u00e7\u00e3o, urbaniza\u00e7\u00e3o e implanta\u00e7\u00e3o do Parque Tecnol\u00f3gico do Tocantins.<\/p>\n\n\n\n<p>Segundo o\ngovernador Mauro Carlesse (DEM), o Parque \u00e9 uma das grandes apostas do Governo\npara levar emprego e renda aos tocantinenses, gerando novas oportunidades de\nneg\u00f3cios e fomentando a ci\u00eancia, a tecnologia e a inova\u00e7\u00e3o.<\/p>\n\n\n\n<p>\u201cO Parque\n\u00e9 um indutor de desenvolvimento. Finalmente estamos tirando ele do papel e\norganizando o espa\u00e7o para as futuras parcerias que surgir\u00e3o\u201d, destacou o\ngovernador.<\/p>\n\n\n\n<p>Lido pela\nMesa Diretora, o Projeto foi encaminhado \u00e0 CCJ, devendo ser apreciado pelos\nmembros da Comiss\u00e3o em regime de urg\u00eancia. Devendo j\u00e1 ser aprovada pelo\nPlen\u00e1rio na pr\u00f3xima semana<\/p>\n\n\n\n<p>Parque\nTecnol\u00f3gico<\/p>\n\n\n\n<p>Localizado\nem Palmas, o Parque Tecnol\u00f3gico do Tocantins faz parte do rol de projetos que o\nGoverno do Tocantins tem no \u00e2mbito da Secretaria de Estado de Parcerias de\nInvestimentos. A \u00e1rea total \u00e9 de 424.278,89 m\u00b2, com 75 lotes divididos em\ndiversos portes e segmentos.<\/p>\n\n\n\n<p>Logo ap\u00f3s\na contrata\u00e7\u00e3o de cr\u00e9dito, ser\u00e3o realizados servi\u00e7os de terraplanagem,\ninstala\u00e7\u00f5es de rede de \u00e1gua e esgoto, drenagem e instala\u00e7\u00f5es el\u00e9tricas. O\nProjeto de Lei prev\u00ea tamb\u00e9m a contrata\u00e7\u00e3o de servi\u00e7os de pavimenta\u00e7\u00e3o da via\npara autom\u00f3veis, pedestres, ciclovias e implanta\u00e7\u00e3o de sinaliza\u00e7\u00e3o vi\u00e1ria.<\/p>\n","protected":false},"excerpt":{"rendered":"<p>Mesa Diretora da Aleto encaminhou para an\u00e1lise da Comiss\u00e3o de Constitui\u00e7\u00e3o, Justi\u00e7a e Reda\u00e7\u00e3o (CCJ), na manh\u00e3 desta quarta-feira, 9, projeto de lei do Governo do Estado que disp\u00f5e sobre a contrata\u00e7\u00e3o de cr\u00e9dito junto ao Banco do Brasil. Trata-se do Projeto de Lei n\u00b0 9, de 8 de dezembro de 2020, destinado \u00e0 contrata\u00e7\u00e3o [&hellip;]<\/p>\n","protected":false},"author":2,"featured_media":7135,"comment_status":"open","ping_status":"open","sticky":false,"template":"","format":"standard","meta":[],"categories":[8],"tags":[13],"_links":{"self":[{"href":"https:\/\/dgospel.com.br\/portal\/index.php\/wp-json\/wp\/v2\/posts\/7134"}],"collection":[{"href":"https:\/\/dgospel.com.br\/portal\/index.php\/wp-json\/wp\/v2\/posts"}],"about":[{"href":"https:\/\/dgospel.com.br\/portal\/index.php\/wp-json\/wp\/v2\/types\/post"}],"author":[{"embeddable":true,"href":"https:\/\/dgospel.com.br\/portal\/index.php\/wp-json\/wp\/v2\/users\/2"}],"replies":[{"embeddable":true,"href":"https:\/\/dgospel.com.br\/portal\/index.php\/wp-json\/wp\/v2\/comments?post=7134"}],"version-history":[{"count":1,"href":"https:\/\/dgospel.com.br\/portal\/index.php\/wp-json\/wp\/v2\/posts\/7134\/revisions"}],"predecessor-version":[{"id":7136,"href":"https:\/\/dgospel.com.br\/portal\/index.php\/wp-json\/wp\/v2\/posts\/7134\/revisions\/7136"}],"wp:featuredmedia":[{"embeddable":true,"href":"https:\/\/dgospel.com.br\/portal\/index.php\/wp-json\/wp\/v2\/media\/7135"}],"wp:attachment":[{"href":"https:\/\/dgospel.com.br\/portal\/index.php\/wp-json\/wp\/v2\/media?parent=7134"}],"wp:term":[{"taxonomy":"category","embeddable":true,"href":"https:\/\/dgospel.com.br\/portal\/index.php\/wp-json\/wp\/v2\/categories?post=7134"},{"taxonomy":"post_tag","embeddable":true,"href":"https:\/\/dgospel.com.br\/portal\/index.php\/wp-json\/wp\/v2\/tags?post=7134"}],"curies":[{"name":"wp","href":"https:\/\/api.w.org\/{rel}","templated":true}]}}