{"id":7137,"date":"2020-12-14T16:28:31","date_gmt":"2020-12-14T19:28:31","guid":{"rendered":"http:\/\/dgospel.com.br\/portal\/?p=7137"},"modified":"2020-12-14T16:28:32","modified_gmt":"2020-12-14T19:28:32","slug":"deputados-aprovam-criacao-da-policia-penal-do-tocantins","status":"publish","type":"post","link":"https:\/\/dgospel.com.br\/portal\/index.php\/2020\/12\/14\/deputados-aprovam-criacao-da-policia-penal-do-tocantins\/","title":{"rendered":"Deputados aprovam cria\u00e7\u00e3o da pol\u00edcia penal do Tocantins"},"content":{"rendered":"\n<p>Os\ndeputados aprovaram no fim da tarde desta quarta-feira, 9, Proposta de Emenda\nConstitucional (PCE) que institui a Pol\u00edcia Penal do Tocantins. A mat\u00e9ria\nresultou de um trabalho de v\u00e1rias m\u00e3os, entre as quais uma primeira proposta do\ndeputado J\u00fanior Geo (Pros), um projeto enviado pelo Executivo e uma emenda do\nparlamentar Ricardo Ayres (PSB) nas comiss\u00f5es.<\/p>\n\n\n\n<p>A\naprova\u00e7\u00e3o \u00e9 uma vit\u00f3ria para os agentes de execu\u00e7\u00e3o penal da Secretaria de\nCidadania e Justi\u00e7a que aguardam h\u00e1 anos o atendimento a demandas de estrutura\u00e7\u00e3o\nda carreira.<\/p>\n\n\n\n<p>De acordo\ncom a deputada Luana Ribeiro (PSDB) s\u00e3o reivindica\u00e7\u00f5es da categoria o\nfornecimento de uniforme, armamento e muni\u00e7\u00f5es, reforma dos pres\u00eddios,\nespecialmente na parte el\u00e9trica e hidr\u00e1ulica, al\u00e9m do pagamento de adicionais\nde insalubridade e noturno. \u201cAgora vamos buscar a aprova\u00e7\u00e3o do estatuto\u201d,\nanunciou Luana.<\/p>\n\n\n\n<p>De acordo\ncom Ricardo Ayres, tamb\u00e9m falta ao Executivo enviar um projeto de lei\ncomplementar para detalhar direitos e deveres da nova carreira.<\/p>\n\n\n\n<p><strong>T\u00edtulos\nde cidadania<\/strong><\/p>\n\n\n\n<p>Ainda\nnesta tarde, foram aprovados por sugest\u00e3o do deputado Olyntho Neto (PSDB) a\nconcess\u00e3o de t\u00edtulos de cidadania tocantinense a seis magistrados.<\/p>\n\n\n\n<p>S\u00e3o eles:\nos desembargadores Jo\u00e3o Batista Moreira, Marcelo Velasco Nascimento Albernaz e\nDaniele Maranh\u00e3o Costa, que atuam no Tribunal Regional Federal da Primeira\nRegi\u00e3o (TRF1), em Bras\u00edlia.<\/p>\n\n\n\n<p>Tamb\u00e9m\ns\u00e3o homenageados os ministros do Superior Tribunal de Justi\u00e7a (STJ) Reinaldo\nSoares da Fonseca, Assusete Dumont Reis Magalh\u00e3es e Isabel Diniz Gallotti\nRodrigues, todos egressos do TRF1.<\/p>\n\n\n\n<p>O TRF1\njulga os casos oriundos do Tocantins na Justi\u00e7a Federal.&nbsp;<\/p>\n","protected":false},"excerpt":{"rendered":"<p>Os deputados aprovaram no fim da tarde desta quarta-feira, 9, Proposta de Emenda Constitucional (PCE) que institui a Pol\u00edcia Penal do Tocantins. A mat\u00e9ria resultou de um trabalho de v\u00e1rias m\u00e3os, entre as quais uma primeira proposta do deputado J\u00fanior Geo (Pros), um projeto enviado pelo Executivo e uma emenda do parlamentar Ricardo Ayres (PSB) [&hellip;]<\/p>\n","protected":false},"author":2,"featured_media":7138,"comment_status":"open","ping_status":"open","sticky":false,"template":"","format":"standard","meta":[],"categories":[8],"tags":[],"_links":{"self":[{"href":"https:\/\/dgospel.com.br\/portal\/index.php\/wp-json\/wp\/v2\/posts\/7137"}],"collection":[{"href":"https:\/\/dgospel.com.br\/portal\/index.php\/wp-json\/wp\/v2\/posts"}],"about":[{"href":"https:\/\/dgospel.com.br\/portal\/index.php\/wp-json\/wp\/v2\/types\/post"}],"author":[{"embeddable":true,"href":"https:\/\/dgospel.com.br\/portal\/index.php\/wp-json\/wp\/v2\/users\/2"}],"replies":[{"embeddable":true,"href":"https:\/\/dgospel.com.br\/portal\/index.php\/wp-json\/wp\/v2\/comments?post=7137"}],"version-history":[{"count":1,"href":"https:\/\/dgospel.com.br\/portal\/index.php\/wp-json\/wp\/v2\/posts\/7137\/revisions"}],"predecessor-version":[{"id":7139,"href":"https:\/\/dgospel.com.br\/portal\/index.php\/wp-json\/wp\/v2\/posts\/7137\/revisions\/7139"}],"wp:featuredmedia":[{"embeddable":true,"href":"https:\/\/dgospel.com.br\/portal\/index.php\/wp-json\/wp\/v2\/media\/7138"}],"wp:attachment":[{"href":"https:\/\/dgospel.com.br\/portal\/index.php\/wp-json\/wp\/v2\/media?parent=7137"}],"wp:term":[{"taxonomy":"category","embeddable":true,"href":"https:\/\/dgospel.com.br\/portal\/index.php\/wp-json\/wp\/v2\/categories?post=7137"},{"taxonomy":"post_tag","embeddable":true,"href":"https:\/\/dgospel.com.br\/portal\/index.php\/wp-json\/wp\/v2\/tags?post=7137"}],"curies":[{"name":"wp","href":"https:\/\/api.w.org\/{rel}","templated":true}]}}