{"id":7140,"date":"2020-12-14T16:55:45","date_gmt":"2020-12-14T19:55:45","guid":{"rendered":"http:\/\/dgospel.com.br\/portal\/?p=7140"},"modified":"2020-12-14T16:55:47","modified_gmt":"2020-12-14T19:55:47","slug":"governo-do-tocantins-alerta-sobre-funcionamento-especial-da-ponte-entre-palmas-e-luzimangues-a-partir-desta-terca-feira-15","status":"publish","type":"post","link":"https:\/\/dgospel.com.br\/portal\/index.php\/2020\/12\/14\/governo-do-tocantins-alerta-sobre-funcionamento-especial-da-ponte-entre-palmas-e-luzimangues-a-partir-desta-terca-feira-15\/","title":{"rendered":"Governo do Tocantins alerta sobre funcionamento especial da ponte entre Palmas e Luzimangues a partir desta ter\u00e7a-feira, 15"},"content":{"rendered":"\n<p>O Governo do Tocantins, por meio da Ag\u00eancia Tocantinense de Transportes e Obras (Ageto), ir\u00e1 realizar entre os dias 15 e 24 de dezembro, a segunda etapa de instala\u00e7\u00e3o das novas placas informativas da Ponte da Amizade e da Integra\u00e7\u00e3o, que liga Palmas ao distrito de Luzimangues, em Porto Nacional.<\/p>\n\n\n\n<p>A previs\u00e3o \u00e9 de que os trabalhos sejam iniciados, diariamente, \u00e0s 9 horas e finalizados \u00e0s&nbsp;17 horas. Durante esse per\u00edodo, o tr\u00e1fego na estrutura funcionar\u00e1 com o sistema&nbsp;<em>Pare e Siga<\/em>. Tamb\u00e9m haver\u00e1 momentos em que a ponte ficar\u00e1&nbsp;com interdi\u00e7\u00e3o total por curtos per\u00edodos de tempo. \u201cNosso objetivo \u00e9 garantir que os trabalhos de instala\u00e7\u00e3o dessas placas ocorram de forma segura e n\u00e3o ocasionem riscos aos usu\u00e1rios ou aos trabalhadores\u201d, destaca.<\/p>\n\n\n\n<p>O tr\u00e1fego ser\u00e1 regulado pelas equipes do Batalh\u00e3o de Pol\u00edcia Militar Rodovi\u00e1rio e de Divisas (BPMRED) e pelos agentes do Departamento Estadual de Tr\u00e2nsito (Detran).&nbsp;<\/p>\n\n\n\n<p><strong>Servi\u00e7os<\/strong><\/p>\n\n\n\n<p>Desde julho, a&nbsp;ponte est\u00e1 recebendo os servi\u00e7os de revitaliza\u00e7\u00e3o. O local j\u00e1 teve as defensas met\u00e1licas substitu\u00eddas e parte da nova&nbsp;sinaliza\u00e7\u00e3o vertical instalada.&nbsp;Tamb\u00e9m foi realizada a pintura das faixas reflexivas e das marcas no pavimento dos 8 km de extens\u00e3o da ponte.<\/p>\n\n\n\n<p>A ponte tamb\u00e9m ganhar\u00e1 nova ilumina\u00e7\u00e3o, com a moderniza\u00e7\u00e3o do sistema e substitui\u00e7\u00e3o das l\u00e2mpadas convencionais por modelos em led e sistema eletr\u00f4nico de fiscaliza\u00e7\u00e3o e monitoramento.<\/p>\n","protected":false},"excerpt":{"rendered":"<p>O Governo do Tocantins, por meio da Ag\u00eancia Tocantinense de Transportes e Obras (Ageto), ir\u00e1 realizar entre os dias 15 e 24 de dezembro, a segunda etapa de instala\u00e7\u00e3o das novas placas informativas da Ponte da Amizade e da Integra\u00e7\u00e3o, que liga Palmas ao distrito de Luzimangues, em Porto Nacional. A previs\u00e3o \u00e9 de que [&hellip;]<\/p>\n","protected":false},"author":2,"featured_media":7141,"comment_status":"open","ping_status":"open","sticky":false,"template":"","format":"standard","meta":[],"categories":[3],"tags":[],"_links":{"self":[{"href":"https:\/\/dgospel.com.br\/portal\/index.php\/wp-json\/wp\/v2\/posts\/7140"}],"collection":[{"href":"https:\/\/dgospel.com.br\/portal\/index.php\/wp-json\/wp\/v2\/posts"}],"about":[{"href":"https:\/\/dgospel.com.br\/portal\/index.php\/wp-json\/wp\/v2\/types\/post"}],"author":[{"embeddable":true,"href":"https:\/\/dgospel.com.br\/portal\/index.php\/wp-json\/wp\/v2\/users\/2"}],"replies":[{"embeddable":true,"href":"https:\/\/dgospel.com.br\/portal\/index.php\/wp-json\/wp\/v2\/comments?post=7140"}],"version-history":[{"count":1,"href":"https:\/\/dgospel.com.br\/portal\/index.php\/wp-json\/wp\/v2\/posts\/7140\/revisions"}],"predecessor-version":[{"id":7142,"href":"https:\/\/dgospel.com.br\/portal\/index.php\/wp-json\/wp\/v2\/posts\/7140\/revisions\/7142"}],"wp:featuredmedia":[{"embeddable":true,"href":"https:\/\/dgospel.com.br\/portal\/index.php\/wp-json\/wp\/v2\/media\/7141"}],"wp:attachment":[{"href":"https:\/\/dgospel.com.br\/portal\/index.php\/wp-json\/wp\/v2\/media?parent=7140"}],"wp:term":[{"taxonomy":"category","embeddable":true,"href":"https:\/\/dgospel.com.br\/portal\/index.php\/wp-json\/wp\/v2\/categories?post=7140"},{"taxonomy":"post_tag","embeddable":true,"href":"https:\/\/dgospel.com.br\/portal\/index.php\/wp-json\/wp\/v2\/tags?post=7140"}],"curies":[{"name":"wp","href":"https:\/\/api.w.org\/{rel}","templated":true}]}}