{"id":7143,"date":"2020-12-14T16:59:02","date_gmt":"2020-12-14T19:59:02","guid":{"rendered":"http:\/\/dgospel.com.br\/portal\/?p=7143"},"modified":"2020-12-14T16:59:04","modified_gmt":"2020-12-14T19:59:04","slug":"governador-carlesse-abre-nova-rodada-de-reunioes-com-prefeitos-eleitos-em-2020","status":"publish","type":"post","link":"https:\/\/dgospel.com.br\/portal\/index.php\/2020\/12\/14\/governador-carlesse-abre-nova-rodada-de-reunioes-com-prefeitos-eleitos-em-2020\/","title":{"rendered":"Governador Carlesse abre nova rodada de reuni\u00f5es com prefeitos eleitos em 2020"},"content":{"rendered":"\n<p>O governador do Estado do Tocantins, Mauro Carlesse, promoveu, nesta segunda-feira, 14, mais uma rodada de reuni\u00f5es com os prefeitos eleitos nas elei\u00e7\u00f5es de 2020. Durante o encontro no Pal\u00e1cio Araguaia, os gestores tiveram a oportunidade de apresentar as demandas de seus munic\u00edpios e ainda refor\u00e7ar a parceria municipalista com o Executivo Estadual.<\/p>\n\n\n\n<p>Acompanhados dos deputados estaduais Olyntho Neto e Ivory de Lira, estiveram presentes no gabinete do governador Carlesse os prefeitos Edmar Jos\u00e9 da Cruz (S\u00e3o Salvador), Carlinhos da Nacional (Miranorte), Maria de F\u00e1tima Coelho (Guara\u00ed) e Marcos Alexandre (Aragominas).<\/p>\n\n\n\n<p>Essa foi mais uma rodada de encontros que teve in\u00edcio na semana passada, quando outros 16 gestores eleitos foram recebidos no Pal\u00e1cio Araguaia. O governador Mauro Carlesse destacou que as reuni\u00f5es s\u00e3o momentos de aproxima\u00e7\u00e3o, fortalecimento de la\u00e7os e busca pela forma\u00e7\u00e3o de parcerias que ir\u00e3o desenvolver os munic\u00edpios.<\/p>\n\n\n\n<p>\u201cFico muito feliz em receber os novos prefeitos, eles est\u00e3o aqui para conversarmos sobre as demandas de cada uma das cidades e j\u00e1 colocamos nosso time de secret\u00e1rios \u00e0 disposi\u00e7\u00e3o para ir trabalhando com cada uma delas. Terminamos um ano e j\u00e1 come\u00e7amos o outro com planejamento e muito trabalho. Eu e meu vice [Wanderlei Barbosa] somos municipalistas e vamos fazer muito pelas cidades no ano que vem. S\u00e3o muitos assentamentos que est\u00e3o passando por dificuldades, muitas pessoas exclu\u00eddas, sem acesso a estradas. Isso n\u00f3s vamos mudar, ajudando naquilo que for poss\u00edvel\u201d, afirmou o Governador.<\/p>\n\n\n\n<p>O vice-governador Wanderlei Barbosa afirmou que essa \u00e9 mais uma oportunidade de colocar em pr\u00e1tica a Gest\u00e3o Municipalista, aproximando ainda mais o Governo do Tocantins das prefeituras. \u201cNossa proposta de municipalismo \u00e9 justamente isso: a forma\u00e7\u00e3o de parceria com as cidades, observando aquilo que eles t\u00eam como maior necessidade e aquilo que o Estado pode levar, por meio de emendas parlamentares e outras formas parcerias. Tudo isso gera qualidade de vida, gera investimentos e desenvolvimento para as regi\u00f5es que mais precisam desse apoio\u201d, pontuou.<\/p>\n\n\n\n<p><strong>Primeiro Grupo<\/strong><\/p>\n\n\n\n<p>O primeiro grupo de prefeitos&nbsp;recebidos, nesta segunda-feira, veio dos munic\u00edpios de S\u00e3o Salvador e Miranorte. Eles&nbsp;estavam acompanhados do deputado estadual Ivory de Lira, que destacou o papel como parlamentar em aproximar os prefeitos com o Governo do Estado.<\/p>\n\n\n\n<p>O prefeito de S\u00e3o Salvador aproveitou o momento com o governador Carlesse para solicitar apoio com as for\u00e7as de seguran\u00e7a p\u00fablica que atuam no munic\u00edpio. \u201cVim conhecer o Governador pessoalmente e me apresentar como o prefeito do nosso munic\u00edpio. Queremos j\u00e1 informar nossas demandas e saber no que ele pode ajudar. Viemos buscar parcerias para que nossa gest\u00e3o consiga trabalhar j\u00e1 desde o in\u00edcio\u201d, informou.<\/p>\n\n\n\n<p>Reeleito em novembro para mais quatro anos \u00e0 frente do Executivo de Miranorte, o prefeito Carlinhos da Nacional solicitou apoio com a libera\u00e7\u00e3o de emendas parlamentares para a conclus\u00e3o de obras de infraestrutura na cidade. \u201cO governador Carlesse \u00e9 um grande parceiro de Miranorte e vem respaldando nosso munic\u00edpio com obras e recursos. Queremos fechar essa gest\u00e3o com obras que estamos concluindo e come\u00e7ar uma nova para o ano que vem. \u00c9 um Governo Municipalista que tem sido nosso parceiro&nbsp;e, junto com o deputado Ivory, outro grande parceiro, vamos buscar os recursos para os pr\u00f3ximos quatros anos\u201d, apontou.<\/p>\n\n\n\n<p><strong>Segundo Grupo<\/strong><\/p>\n\n\n\n<p>Em seguida, foi a vez da prefeita F\u00e1tima Coelho (Guara\u00ed) e do prefeito&nbsp;Marcos Alexandre (Aragominas) serem recebidos pelo governador Mauro Carlesse. Os gestores municipais estavam acompanhados do deputado estadual Olyntho Neto.<\/p>\n\n\n\n<p>Durante o encontro, a prefeita de Guara\u00ed solicitou apoio para a cria\u00e7\u00e3o do Parque Industrial de cidade. \u201cEu tenho um carinho especial pelo Governo do Estado e tenho certeza que as nossas reivindica\u00e7\u00f5es ser\u00e3o atendidas com sucesso, pois sabemos que o Governador tem o maior carinho pela cidade de Guara\u00ed e por todo o Estado. Dentre as nossas reivindica\u00e7\u00f5es&nbsp;est\u00e1 a quest\u00e3o do recurso para o Parque Industrial, que \u00e9 um sonho dos guaraienses\u201d, afirmou.<\/p>\n","protected":false},"excerpt":{"rendered":"<p>O governador do Estado do Tocantins, Mauro Carlesse, promoveu, nesta segunda-feira, 14, mais uma rodada de reuni\u00f5es com os prefeitos eleitos nas elei\u00e7\u00f5es de 2020. Durante o encontro no Pal\u00e1cio Araguaia, os gestores tiveram a oportunidade de apresentar as demandas de seus munic\u00edpios e ainda refor\u00e7ar a parceria municipalista com o Executivo Estadual. Acompanhados dos [&hellip;]<\/p>\n","protected":false},"author":2,"featured_media":7144,"comment_status":"open","ping_status":"open","sticky":false,"template":"","format":"standard","meta":[],"categories":[4],"tags":[13],"_links":{"self":[{"href":"https:\/\/dgospel.com.br\/portal\/index.php\/wp-json\/wp\/v2\/posts\/7143"}],"collection":[{"href":"https:\/\/dgospel.com.br\/portal\/index.php\/wp-json\/wp\/v2\/posts"}],"about":[{"href":"https:\/\/dgospel.com.br\/portal\/index.php\/wp-json\/wp\/v2\/types\/post"}],"author":[{"embeddable":true,"href":"https:\/\/dgospel.com.br\/portal\/index.php\/wp-json\/wp\/v2\/users\/2"}],"replies":[{"embeddable":true,"href":"https:\/\/dgospel.com.br\/portal\/index.php\/wp-json\/wp\/v2\/comments?post=7143"}],"version-history":[{"count":1,"href":"https:\/\/dgospel.com.br\/portal\/index.php\/wp-json\/wp\/v2\/posts\/7143\/revisions"}],"predecessor-version":[{"id":7145,"href":"https:\/\/dgospel.com.br\/portal\/index.php\/wp-json\/wp\/v2\/posts\/7143\/revisions\/7145"}],"wp:featuredmedia":[{"embeddable":true,"href":"https:\/\/dgospel.com.br\/portal\/index.php\/wp-json\/wp\/v2\/media\/7144"}],"wp:attachment":[{"href":"https:\/\/dgospel.com.br\/portal\/index.php\/wp-json\/wp\/v2\/media?parent=7143"}],"wp:term":[{"taxonomy":"category","embeddable":true,"href":"https:\/\/dgospel.com.br\/portal\/index.php\/wp-json\/wp\/v2\/categories?post=7143"},{"taxonomy":"post_tag","embeddable":true,"href":"https:\/\/dgospel.com.br\/portal\/index.php\/wp-json\/wp\/v2\/tags?post=7143"}],"curies":[{"name":"wp","href":"https:\/\/api.w.org\/{rel}","templated":true}]}}