{"id":7157,"date":"2020-12-17T12:58:29","date_gmt":"2020-12-17T15:58:29","guid":{"rendered":"http:\/\/dgospel.com.br\/portal\/?p=7157"},"modified":"2020-12-17T12:58:32","modified_gmt":"2020-12-17T15:58:32","slug":"bolsonaro-promove-culto-de-acao-de-gracas-no-planalto","status":"publish","type":"post","link":"https:\/\/dgospel.com.br\/portal\/index.php\/2020\/12\/17\/bolsonaro-promove-culto-de-acao-de-gracas-no-planalto\/","title":{"rendered":"Bolsonaro promove culto de A\u00e7\u00e3o de Gra\u00e7as no Planalto"},"content":{"rendered":"\n<p> Como fez no primeiro ano de governo, o presidente\u00a0<a href=\"https:\/\/pleno.news\/tag\/jair-bolsonaro\">Jair Bolsonaro<\/a>\u00a0repetiu o aceno aos evang\u00e9licos e promoveu, nesta quarta-feira (16), um culto religioso de A\u00e7\u00e3o de Gra\u00e7as no Pal\u00e1cio do Planalto. Em sua fala, o chefe do Executivo afirmou que o pa\u00eds chega a uma \u201csitua\u00e7\u00e3o de quase normalidade\u201d depois de \u201cmeses dif\u00edceis\u201d. <\/p>\n\n\n\n<p> \u2013 Quem esperava? Depois de meses dif\u00edceis, chegarmos a uma situa\u00e7\u00e3o de quase normalidade, ainda em 2020 \u2013 afirmou. <\/p>\n\n\n\n<p>Presentes na plateia, o presidente cumprimentou o embaixador norte-americano, Todd Chapman, e o embaixador de Israel, Yossi Shelley. Chapman foi chamado de \u201camigo\u201d por Bolsonaro, que afirmou admirar os Estados Unidos.<\/p>\n\n\n\n<p>O l\u00edder do Planalto disse que Israel serve de \u201cinspira\u00e7\u00e3o\u201d para o Brasil.<\/p>\n\n\n\n<p>\u2013 [Israel \u00e9] um pa\u00eds que perto de n\u00f3s nada tem, mas gra\u00e7as \u00e0 f\u00e9, \u00e0 coragem e \u00e0 determina\u00e7\u00e3o de um povo \u00e9 um pequeno grande pa\u00eds. Shelley, obrigado por voc\u00eas existirem. Nossos cumprimentos ao povo de Israel. Em particular ao meu amigo Binyamin Netanyahu, tamb\u00e9m capit\u00e3o do Ex\u00e9rcito \u2013 disse.<\/p>\n\n\n\n<p>Bolsonaro tamb\u00e9m lembrou em seu discurso o epis\u00f3dio da facada, em 6 de setembro de 2018, seguido de sua elei\u00e7\u00e3o naquele ano.<\/p>\n\n\n\n<p>\u2013 Hoje temos um presidente que acredita em Deus, respeita os seus militares e deve lealdade ao seu povo. O Brasil \u00e9 uma grande na\u00e7\u00e3o. Gra\u00e7as a Deus \u2013 afirmou.<\/p>\n\n\n\n<p>Na edi\u00e7\u00e3o deste ano, a cerim\u00f4nia reuniu, al\u00e9m de lideran\u00e7as evang\u00e9licas, um representante cat\u00f3lico.<\/p>\n\n\n\n<p>\u2013 Um outro quase milagre: olhem para esse pr\u00e9dio. Quem diria um dia estarmos aqui, unidos em nome da f\u00e9, onde todas as religi\u00f5es presentes se comunicam, se irmanam e se respeitam,. N\u00e3o existe coisa mais bela do que isso \u2013 comentou Bolsonaro.<\/p>\n\n\n\n<p>O culto desta quarta-feira foi aberto pelo ministro Jorge Oliveira, da Secretaria-Geral, que destacou a orienta\u00e7\u00e3o de Bolsonaro de conduzir o governo com \u201cfoco na fam\u00edlia e nos valores crist\u00e3os\u201d. O pastor e ministro da Justi\u00e7a e Seguran\u00e7a P\u00fablica, Andr\u00e9 Mendon\u00e7a, tamb\u00e9m proferiu uma ora\u00e7\u00e3o pela fam\u00edlia.<\/p>\n\n\n\n<p>Al\u00e9m de membros do alto escal\u00e3o do governo, participaram da cerim\u00f4nia parlamentares da bancada evang\u00e9lica no Congresso, uma das bases de apoio do governo.<\/p>\n\n\n\n<p>*Estad\u00e3o<\/p>\n","protected":false},"excerpt":{"rendered":"<p>Como fez no primeiro ano de governo, o presidente\u00a0Jair Bolsonaro\u00a0repetiu o aceno aos evang\u00e9licos e promoveu, nesta quarta-feira (16), um culto religioso de A\u00e7\u00e3o de Gra\u00e7as no Pal\u00e1cio do Planalto. Em sua fala, o chefe do Executivo afirmou que o pa\u00eds chega a uma \u201csitua\u00e7\u00e3o de quase normalidade\u201d depois de \u201cmeses dif\u00edceis\u201d. \u2013 Quem esperava? [&hellip;]<\/p>\n","protected":false},"author":2,"featured_media":7158,"comment_status":"open","ping_status":"open","sticky":false,"template":"","format":"standard","meta":[],"categories":[5,4],"tags":[],"_links":{"self":[{"href":"https:\/\/dgospel.com.br\/portal\/index.php\/wp-json\/wp\/v2\/posts\/7157"}],"collection":[{"href":"https:\/\/dgospel.com.br\/portal\/index.php\/wp-json\/wp\/v2\/posts"}],"about":[{"href":"https:\/\/dgospel.com.br\/portal\/index.php\/wp-json\/wp\/v2\/types\/post"}],"author":[{"embeddable":true,"href":"https:\/\/dgospel.com.br\/portal\/index.php\/wp-json\/wp\/v2\/users\/2"}],"replies":[{"embeddable":true,"href":"https:\/\/dgospel.com.br\/portal\/index.php\/wp-json\/wp\/v2\/comments?post=7157"}],"version-history":[{"count":1,"href":"https:\/\/dgospel.com.br\/portal\/index.php\/wp-json\/wp\/v2\/posts\/7157\/revisions"}],"predecessor-version":[{"id":7159,"href":"https:\/\/dgospel.com.br\/portal\/index.php\/wp-json\/wp\/v2\/posts\/7157\/revisions\/7159"}],"wp:featuredmedia":[{"embeddable":true,"href":"https:\/\/dgospel.com.br\/portal\/index.php\/wp-json\/wp\/v2\/media\/7158"}],"wp:attachment":[{"href":"https:\/\/dgospel.com.br\/portal\/index.php\/wp-json\/wp\/v2\/media?parent=7157"}],"wp:term":[{"taxonomy":"category","embeddable":true,"href":"https:\/\/dgospel.com.br\/portal\/index.php\/wp-json\/wp\/v2\/categories?post=7157"},{"taxonomy":"post_tag","embeddable":true,"href":"https:\/\/dgospel.com.br\/portal\/index.php\/wp-json\/wp\/v2\/tags?post=7157"}],"curies":[{"name":"wp","href":"https:\/\/api.w.org\/{rel}","templated":true}]}}