{"id":7161,"date":"2020-12-23T13:25:18","date_gmt":"2020-12-23T16:25:18","guid":{"rendered":"http:\/\/dgospel.com.br\/portal\/?p=7161"},"modified":"2020-12-23T13:25:19","modified_gmt":"2020-12-23T16:25:19","slug":"ladrao-rouba-pastor-se-arrepende-e-pede-perdao-em-carta","status":"publish","type":"post","link":"https:\/\/dgospel.com.br\/portal\/index.php\/2020\/12\/23\/ladrao-rouba-pastor-se-arrepende-e-pede-perdao-em-carta\/","title":{"rendered":"Ladr\u00e3o rouba pastor, se arrepende e pede perd\u00e3o em carta"},"content":{"rendered":"\n<p>Depois de roubar o ve\u00edculo de um pastor \u00e0 m\u00e3o armada, um homem se arrependeu pelo crime e escreveu uma carta com um pedido de desculpas. O carro foi roubado em frente a uma igreja evang\u00e9lica em Goi\u00e2nia (GO), junto com dois celulares, no dia 15 de novembro.<\/p>\n\n\n\n<p>Jo\u00e3o Marcos Landmann, de 28 anos, roubou um ve\u00edculo Renault Logan logo ap\u00f3s o t\u00e9rmino do culto. No dia seguinte, o carro foi localizado e devolvido ao pastor da igreja. Um dos dois celulares foi devolvido um pouco depois, quando uma mulher entrou em contato com o pastor informando que encontrou o aparelho.<\/p>\n\n\n\n<p>\u201cNo ato da devolu\u00e7\u00e3o, entregou tamb\u00e9m uma carta, supostamente escrita pelo autor do crime, que se dizia arrependido e pedia perd\u00e3o \u00e0 v\u00edtima\u201d, informou a Pol\u00edcia Civil de Goi\u00e1s.&nbsp;<\/p>\n\n\n\n<p>De acordo com a pol\u00edcia, Jo\u00e3o Marcos usava tornozeleira eletr\u00f4nica h\u00e1 dois meses e rompeu o dispositivo ap\u00f3s o roubo do ve\u00edculo do pastor. Ele responde na Justi\u00e7a por outro roubo com arma de fogo, ocorrido em junho de 2019.&nbsp;&nbsp;<\/p>\n\n\n\n<p>Jo\u00e3o Marcos foi preso na tarde de quarta-feira (16) em um im\u00f3vel localizado no conjunto Vera Cruz. O mandado de pris\u00e3o preventiva foi cumprido por policiais da Delegacia Estadual de Repress\u00e3o a Furtos e Roubos de Ve\u00edculos.<\/p>\n\n\n\n<p><strong>\u201cMe afastei de Deus\u201d<\/strong><\/p>\n\n\n\n<p>No pedido de perd\u00e3o ao pastor, o autor do crime conta detalhes sobre sua vida e se diz arrependido pelo roubo. \u201cQuero que saiba que estou muito arrependido e ferido com o que fiz. Eu n\u00e3o sou uma pessoa ruim, eu estava muito b\u00eabado e drogado. N\u00e3o que isso justifique meus atos, queria poder nunca ter feito isso, mas a verdade \u00e9 que em algum momento em minha vida eu me afastei de Deus\u201d, diz o texto.<\/p>\n\n\n\n<p>O homem revelou ainda que se escondeu no mato ap\u00f3s o roubo, que tem medo de morrer e n\u00e3o quer voltar para a pris\u00e3o. \u201cQuero devolver seu carro e seu telefone tamb\u00e9m. (&#8230;) Eu ando meio perdido, n\u00e3o sei o que fazer. Aprendi na B\u00edblia que o perd\u00e3o salva a alma, por isso eu imploro que o senhor e sua fam\u00edlia me perdoem, por favor\u201d, disse.&nbsp;&nbsp;<\/p>\n\n\n\n<p>No fim da carta, o autor do crime deixa o endere\u00e7o onde o carro do pastor foi deixado e mais pedidos de perd\u00e3o. Jo\u00e3o Marcos ficar\u00e1 preso \u00e0 disposi\u00e7\u00e3o da Justi\u00e7a e poder\u00e1 enfrentar mais de dez anos de pris\u00e3o.&nbsp;&nbsp;<\/p>\n\n\n\n<p><em>Fonte: Guiame \/ Com informa\u00e7\u00f5es UOL \/ Foto: Divulga\u00e7\u00e3o\/Pol\u00edcia Civil de GO<\/em><\/p>\n","protected":false},"excerpt":{"rendered":"<p>Depois de roubar o ve\u00edculo de um pastor \u00e0 m\u00e3o armada, um homem se arrependeu pelo crime e escreveu uma carta com um pedido de desculpas. O carro foi roubado em frente a uma igreja evang\u00e9lica em Goi\u00e2nia (GO), junto com dois celulares, no dia 15 de novembro. Jo\u00e3o Marcos Landmann, de 28 anos, roubou [&hellip;]<\/p>\n","protected":false},"author":2,"featured_media":7162,"comment_status":"open","ping_status":"open","sticky":false,"template":"","format":"standard","meta":[],"categories":[5],"tags":[13],"_links":{"self":[{"href":"https:\/\/dgospel.com.br\/portal\/index.php\/wp-json\/wp\/v2\/posts\/7161"}],"collection":[{"href":"https:\/\/dgospel.com.br\/portal\/index.php\/wp-json\/wp\/v2\/posts"}],"about":[{"href":"https:\/\/dgospel.com.br\/portal\/index.php\/wp-json\/wp\/v2\/types\/post"}],"author":[{"embeddable":true,"href":"https:\/\/dgospel.com.br\/portal\/index.php\/wp-json\/wp\/v2\/users\/2"}],"replies":[{"embeddable":true,"href":"https:\/\/dgospel.com.br\/portal\/index.php\/wp-json\/wp\/v2\/comments?post=7161"}],"version-history":[{"count":1,"href":"https:\/\/dgospel.com.br\/portal\/index.php\/wp-json\/wp\/v2\/posts\/7161\/revisions"}],"predecessor-version":[{"id":7163,"href":"https:\/\/dgospel.com.br\/portal\/index.php\/wp-json\/wp\/v2\/posts\/7161\/revisions\/7163"}],"wp:featuredmedia":[{"embeddable":true,"href":"https:\/\/dgospel.com.br\/portal\/index.php\/wp-json\/wp\/v2\/media\/7162"}],"wp:attachment":[{"href":"https:\/\/dgospel.com.br\/portal\/index.php\/wp-json\/wp\/v2\/media?parent=7161"}],"wp:term":[{"taxonomy":"category","embeddable":true,"href":"https:\/\/dgospel.com.br\/portal\/index.php\/wp-json\/wp\/v2\/categories?post=7161"},{"taxonomy":"post_tag","embeddable":true,"href":"https:\/\/dgospel.com.br\/portal\/index.php\/wp-json\/wp\/v2\/tags?post=7161"}],"curies":[{"name":"wp","href":"https:\/\/api.w.org\/{rel}","templated":true}]}}