{"id":7165,"date":"2020-12-24T11:20:37","date_gmt":"2020-12-24T14:20:37","guid":{"rendered":"http:\/\/dgospel.com.br\/portal\/?p=7165"},"modified":"2020-12-24T11:20:39","modified_gmt":"2020-12-24T14:20:39","slug":"governador-mauro-carlesse-anuncia-edital-do-concurso-publico-da-policia-militar-do-tocantins","status":"publish","type":"post","link":"https:\/\/dgospel.com.br\/portal\/index.php\/2020\/12\/24\/governador-mauro-carlesse-anuncia-edital-do-concurso-publico-da-policia-militar-do-tocantins\/","title":{"rendered":"Governador Mauro Carlesse anuncia edital do concurso p\u00fablico da Pol\u00edcia Militar do Tocantins"},"content":{"rendered":"\n<p>O governador do Tocantins, Mauro Carlesse,&nbsp;anunciou na tarde desta quarta-feira, 23, o edital do concurso da Pol\u00edcia Militar do Tocantins (PMTO). S\u00e3o ofertadas 1.000 vagas para pra\u00e7as, sendo 950 vagas para o quadro operacional QPPM, 25 vagas para o quadro de m\u00fasicos (QPE-M\u00fasicos); e&nbsp;25 vagas para o quadro da sa\u00fade (QPS) distribu\u00eddas em 20&nbsp;para t\u00e9cnico em enfermagem e cinco&nbsp;para t\u00e9cnico em Sa\u00fade Bucal.<\/p>\n\n\n\n<p>O governador Mauro Carlesse destacou a import\u00e2ncia da realiza\u00e7\u00e3o do concurso para a sociedade tocantinense e pontuou que isso \u00e9 um dos frutos do ajuste fiscal implementado pelo Governo do Tocantins.&nbsp;&#8220;\u00c9 uma felicidade muito grande, estamos pr\u00f3ximo ao Natal, ao t\u00e9rmino de 2020&nbsp;e ao in\u00edcio do ano de 2021. Com muita honra e muita alegria,&nbsp;venho hoje [quarta-feira, 23] comunicar, para&nbsp;toda a sociedade, que estamos lan\u00e7ando o edital do concurso p\u00fablico da Pol\u00edcia Militar,&nbsp;que tanto o povo est\u00e1 esperando. \u00c9&nbsp;uma alegria muito grande, mesmo com a pandemia e toda essa situa\u00e7\u00e3o, termos recursos para fazer&nbsp;esse concurso p\u00fablico. Tudo isso foi poss\u00edvel gra\u00e7as&nbsp;ao ajuste fiscal e&nbsp;ao&nbsp;enquadramento do Estado no limite prudencial da Lei de Responsabilidade Fiscal,&nbsp;assim poderemos realizar o concurso p\u00fablico que tanto a nossa sociedade necessita, para termos esses policiais atuando em nossas cidades&#8221;, ressaltou.<\/p>\n\n\n\n<p>O concurso p\u00fablico vem atender \u00e0 demanda de reposi\u00e7\u00e3o de efetivo da Pol\u00edcia Militar ap\u00f3s a anula\u00e7\u00e3o do concurso realizado em 2018, al\u00e9m de atender \u00e0s novas demandas surgidas devido \u00e0 pandemia da&nbsp;Covid-19.<\/p>\n\n\n\n<p>O edital ser\u00e1 publicado no Di\u00e1rio Oficial do Estado (DOE) desta quarta-feira,&nbsp;23, e disponibilizado no site do&nbsp;Centro Brasileiro de Pesquisa em Avalia\u00e7\u00e3o e Sele\u00e7\u00e3o e de Promo\u00e7\u00e3o de Eventos (<a href=\"https:\/\/www.cebraspe.org.br\/\">Cebraspe<\/a>)&nbsp;a partir do dia 24 de dezembro.<\/p>\n\n\n\n<p><strong>Inscri\u00e7\u00e3o<\/strong><\/p>\n\n\n\n<p>A inscri\u00e7\u00e3o no concurso para soldado tem como pr\u00e9-requisito o ensino m\u00e9dio completo, idade m\u00ednima de 18 anos&nbsp;no ato da inclus\u00e3o na corpora\u00e7\u00e3o&nbsp;e idade m\u00e1xima de 32 anos no ato da inscri\u00e7\u00e3o no concurso.<\/p>\n\n\n\n<p>Para concorrer \u00e0s vagas destinadas ao quadro da sa\u00fade, os candidatos devem, al\u00e9m dos requisitos gerais, possuir os cursos de T\u00e9cnico em Enfermagem ou T\u00e9cnico em Sa\u00fade Bucal. J\u00e1 para o quadro de m\u00fasicos, n\u00e3o h\u00e1 necessidade de ser portador de certificado de cursos na \u00e1rea, por\u00e9m o candidato ser\u00e1 submetido a uma prova pr\u00e1tica instrumental como etapa do certame.<\/p>\n\n\n\n<p>As inscri\u00e7\u00f5es ser\u00e3o abertas no dia 4 de janeiro de 2021 \u00e0s 10 horas;&nbsp;encerrando \u00e0s 18 horas do dia 23 de janeiro de 2021. O valor da inscri\u00e7\u00e3o \u00e9 de R$ 80,00.&nbsp;<\/p>\n\n\n\n<p><strong>A carreira<\/strong><\/p>\n\n\n\n<p>Os candidatos aprovados no concurso ingressar\u00e3o na Pol\u00edcia Militar para realiza\u00e7\u00e3o dos cursos de forma\u00e7\u00e3o de pra\u00e7as na gradua\u00e7\u00e3o de Aluno-Soldado. E, ao t\u00e9rmino do curso, receber\u00e3o a gradua\u00e7\u00e3o de Soldado 2\u00aa Classe, nova gradua\u00e7\u00e3o criada recentemente pela Lei n\u00b0 3.731, de 16 de dezembro de 2020. Os sal\u00e1rios iniciais, ap\u00f3s os cursos de forma\u00e7\u00e3o, s\u00e3o de R$ 3.330,99 devendo o militar ficar no m\u00ednimo 36&nbsp;meses na gradua\u00e7\u00e3o.&nbsp;<\/p>\n\n\n\n<p>Para o chefe do Estado-Maior da Pol\u00edcia Militar e presidente da Comiss\u00e3o de Organiza\u00e7\u00e3o do Concurso, coronel M\u00e1rcio Ant\u00f4nio Barbosa, o atual concurso tem sido conduzido com muita dedica\u00e7\u00e3o por parte de todos os envolvidos, para que possa ocorrer com a maior celeridade, mas com a seguran\u00e7a necess\u00e1ria para que n\u00e3o ocorram entraves no processo. \u201cA escolha do Cebraspe&nbsp;como a banca organizadora do certame&nbsp;j\u00e1 \u00e9 uma prova do quanto o Governo do Tocantins e a Pol\u00edcia Militar est\u00e3o atentos \u00e0s necessidades de um concurso que traga respaldo e confian\u00e7a a todos os participantes\u201d, destacou o&nbsp;coronel M\u00e1rcio Ant\u00f4nio Barbosa.<\/p>\n\n\n\n<p>Para o comandante-geral da corpora\u00e7\u00e3o, coronel Jaizon Veras Barbosa, o concurso vem atender os anseios de toda tropa e da sociedade. \u201cTemos um efetivo que naturalmente tem sido reduzido no decorrer dos anos, devido \u00e0 conclus\u00e3o do tempo de servi\u00e7o dos policiais que ingressaram no in\u00edcio dos anos 90. O esfor\u00e7o empreendido pelo Governo do Tocantins, em prover a Pol\u00edcia Militar com os recursos necess\u00e1rios para a realiza\u00e7\u00e3o desse certame, \u00e9 uma prova de responsabilidade com toda sociedade e do cuidado que a Pol\u00edcia Militar tem recebido em todo esse tempo\u201d, completou coronel Jaizon Veras Barbosa.<\/p>\n","protected":false},"excerpt":{"rendered":"<p>O governador do Tocantins, Mauro Carlesse,&nbsp;anunciou na tarde desta quarta-feira, 23, o edital do concurso da Pol\u00edcia Militar do Tocantins (PMTO). S\u00e3o ofertadas 1.000 vagas para pra\u00e7as, sendo 950 vagas para o quadro operacional QPPM, 25 vagas para o quadro de m\u00fasicos (QPE-M\u00fasicos); e&nbsp;25 vagas para o quadro da sa\u00fade (QPS) distribu\u00eddas em 20&nbsp;para t\u00e9cnico [&hellip;]<\/p>\n","protected":false},"author":2,"featured_media":7166,"comment_status":"open","ping_status":"open","sticky":false,"template":"","format":"standard","meta":[],"categories":[3],"tags":[13],"_links":{"self":[{"href":"https:\/\/dgospel.com.br\/portal\/index.php\/wp-json\/wp\/v2\/posts\/7165"}],"collection":[{"href":"https:\/\/dgospel.com.br\/portal\/index.php\/wp-json\/wp\/v2\/posts"}],"about":[{"href":"https:\/\/dgospel.com.br\/portal\/index.php\/wp-json\/wp\/v2\/types\/post"}],"author":[{"embeddable":true,"href":"https:\/\/dgospel.com.br\/portal\/index.php\/wp-json\/wp\/v2\/users\/2"}],"replies":[{"embeddable":true,"href":"https:\/\/dgospel.com.br\/portal\/index.php\/wp-json\/wp\/v2\/comments?post=7165"}],"version-history":[{"count":1,"href":"https:\/\/dgospel.com.br\/portal\/index.php\/wp-json\/wp\/v2\/posts\/7165\/revisions"}],"predecessor-version":[{"id":7167,"href":"https:\/\/dgospel.com.br\/portal\/index.php\/wp-json\/wp\/v2\/posts\/7165\/revisions\/7167"}],"wp:featuredmedia":[{"embeddable":true,"href":"https:\/\/dgospel.com.br\/portal\/index.php\/wp-json\/wp\/v2\/media\/7166"}],"wp:attachment":[{"href":"https:\/\/dgospel.com.br\/portal\/index.php\/wp-json\/wp\/v2\/media?parent=7165"}],"wp:term":[{"taxonomy":"category","embeddable":true,"href":"https:\/\/dgospel.com.br\/portal\/index.php\/wp-json\/wp\/v2\/categories?post=7165"},{"taxonomy":"post_tag","embeddable":true,"href":"https:\/\/dgospel.com.br\/portal\/index.php\/wp-json\/wp\/v2\/tags?post=7165"}],"curies":[{"name":"wp","href":"https:\/\/api.w.org\/{rel}","templated":true}]}}