{"id":7174,"date":"2020-12-24T11:36:36","date_gmt":"2020-12-24T14:36:36","guid":{"rendered":"http:\/\/dgospel.com.br\/portal\/?p=7174"},"modified":"2020-12-24T11:36:37","modified_gmt":"2020-12-24T14:36:37","slug":"covid-19-vacinacao-inicia-no-fim-de-janeiro-preve-pazuello","status":"publish","type":"post","link":"https:\/\/dgospel.com.br\/portal\/index.php\/2020\/12\/24\/covid-19-vacinacao-inicia-no-fim-de-janeiro-preve-pazuello\/","title":{"rendered":"Covid-19: Vacina\u00e7\u00e3o inicia no fim de janeiro, prev\u00ea Pazuello"},"content":{"rendered":"\n<p>Com diversos pa\u00edses j\u00e1 imunizando a popula\u00e7\u00e3o contra a&nbsp;<a href=\"https:\/\/pleno.news\/tag\/covid-19\">Covid-19<\/a>, o Brasil tamb\u00e9m est\u00e1 se preparando e j\u00e1 tem previs\u00e3o para o in\u00edcio de sua campanha. De acordo com o ministro da Sa\u00fade, Eduardo Pazuello, a&nbsp;<a href=\"https:\/\/pleno.news\/tag\/vacina\">vacina\u00e7\u00e3o<\/a>&nbsp;no pa\u00eds deve come\u00e7ar no final de janeiro para alguns grupos priorit\u00e1rios.<\/p>\n\n\n\n<p>As declara\u00e7\u00e3o foram dadas ao programa Brasil em Pauta, da TV Brasil, que ser\u00e1 exibido pela emissora no pr\u00f3ximo domingo (27).<\/p>\n\n\n\n<p>\u2013 A previs\u00e3o \u00e9 que agora mais para o final de janeiro j\u00e1 tenhamos alguma disponibiliza\u00e7\u00e3o de vacina, algumas em car\u00e1ter emergencial ainda. Mas a vacina\u00e7\u00e3o com quantidade e com registros necess\u00e1rios para a vacina\u00e7\u00e3o em massa, a partir de fevereiro \u2013 disse o ministro.<\/p>\n\n\n\n<p>Pazuello tamb\u00e9m afirmou que todos os brasileiros ser\u00e3o imunizados de forma igual e gratuita.<\/p>\n\n\n\n<p>\u2013 N\u00f3s vacinaremos todos os brasileiros de forma igualit\u00e1ria, de forma proporcional ao n\u00famero de pessoas por estado e de gra\u00e7a. Confiem na estrutura do SUS [Sistema \u00danico de Sa\u00fade], confiem que aqui existem pessoas que est\u00e3o realmente trabalhando diuturnamente para que a gente tenha a vacina distribu\u00edda o mais r\u00e1pido poss\u00edvel e a todos os brasileiros \u2013 destacou.<\/p>\n\n\n\n<p>Ele ainda disse que o governo brasileiro trabalha com \u201cquatro ou cinco laborat\u00f3rios\u201d.<\/p>\n","protected":false},"excerpt":{"rendered":"<p>Com diversos pa\u00edses j\u00e1 imunizando a popula\u00e7\u00e3o contra a&nbsp;Covid-19, o Brasil tamb\u00e9m est\u00e1 se preparando e j\u00e1 tem previs\u00e3o para o in\u00edcio de sua campanha. De acordo com o ministro da Sa\u00fade, Eduardo Pazuello, a&nbsp;vacina\u00e7\u00e3o&nbsp;no pa\u00eds deve come\u00e7ar no final de janeiro para alguns grupos priorit\u00e1rios. As declara\u00e7\u00e3o foram dadas ao programa Brasil em Pauta, [&hellip;]<\/p>\n","protected":false},"author":2,"featured_media":7175,"comment_status":"open","ping_status":"open","sticky":false,"template":"","format":"standard","meta":[],"categories":[4],"tags":[14],"_links":{"self":[{"href":"https:\/\/dgospel.com.br\/portal\/index.php\/wp-json\/wp\/v2\/posts\/7174"}],"collection":[{"href":"https:\/\/dgospel.com.br\/portal\/index.php\/wp-json\/wp\/v2\/posts"}],"about":[{"href":"https:\/\/dgospel.com.br\/portal\/index.php\/wp-json\/wp\/v2\/types\/post"}],"author":[{"embeddable":true,"href":"https:\/\/dgospel.com.br\/portal\/index.php\/wp-json\/wp\/v2\/users\/2"}],"replies":[{"embeddable":true,"href":"https:\/\/dgospel.com.br\/portal\/index.php\/wp-json\/wp\/v2\/comments?post=7174"}],"version-history":[{"count":1,"href":"https:\/\/dgospel.com.br\/portal\/index.php\/wp-json\/wp\/v2\/posts\/7174\/revisions"}],"predecessor-version":[{"id":7176,"href":"https:\/\/dgospel.com.br\/portal\/index.php\/wp-json\/wp\/v2\/posts\/7174\/revisions\/7176"}],"wp:featuredmedia":[{"embeddable":true,"href":"https:\/\/dgospel.com.br\/portal\/index.php\/wp-json\/wp\/v2\/media\/7175"}],"wp:attachment":[{"href":"https:\/\/dgospel.com.br\/portal\/index.php\/wp-json\/wp\/v2\/media?parent=7174"}],"wp:term":[{"taxonomy":"category","embeddable":true,"href":"https:\/\/dgospel.com.br\/portal\/index.php\/wp-json\/wp\/v2\/categories?post=7174"},{"taxonomy":"post_tag","embeddable":true,"href":"https:\/\/dgospel.com.br\/portal\/index.php\/wp-json\/wp\/v2\/tags?post=7174"}],"curies":[{"name":"wp","href":"https:\/\/api.w.org\/{rel}","templated":true}]}}