{"id":7183,"date":"2020-12-24T11:57:06","date_gmt":"2020-12-24T14:57:06","guid":{"rendered":"http:\/\/dgospel.com.br\/portal\/?p=7183"},"modified":"2020-12-24T11:57:08","modified_gmt":"2020-12-24T14:57:08","slug":"cpad-realiza-forum-online-de-superintendentes-de-escola-dominical","status":"publish","type":"post","link":"https:\/\/dgospel.com.br\/portal\/index.php\/2020\/12\/24\/cpad-realiza-forum-online-de-superintendentes-de-escola-dominical\/","title":{"rendered":"CPAD realiza F\u00f3rum Online de Superintendentes de Escola Dominical"},"content":{"rendered":"\n<p>Com base no tema: &#8220;A Escola Dominical Hoje e Amanh\u00e3&#8221;, a CPAD (Casa Publicadora das Assembleias de Deus) realizou o F\u00f3rum Online de Superintendentes de Escola Dominical na noite dessa quinta-feira (17). A live foi transmitida pelo YouTube e contou com a participa\u00e7\u00e3o de v\u00e1rios superindentes convidados das mais diversas regi\u00f5es do pa\u00eds. O evento teve como objetivo &#8220;trazer experi\u00eancia dos superintendentes de cada regi\u00e3o do pa\u00eds de forma que a CPAD pudesse contribuir para o fortalecimento da EBD.&nbsp;<\/p>\n\n\n\n<p>Durante a apresenta\u00e7\u00e3o o apresenta\u00e7\u00e3o inicial, o irm\u00e3o&nbsp;Ronaldo Rodrigues de Souza (Diretor Executivo da CPAD) falou sobre as dificuldades que a sociedade enfrenta desde o m\u00eas de mar\u00e7o, quando come\u00e7ou o isolamento social por causa da Pandemia do corona v\u00edrus. Hoje as aulas da Escola B\u00edblica Dominical s\u00e3o diferentes das realizadas h\u00e1 cem anos.<\/p>\n\n\n\n<p>Al\u00e9m do Pastor Alexandre Coelho (Gerente de Publica\u00e7\u00f5es da CPAD) e do irm\u00e3o Leandro Silva (Gerente de Comunica\u00e7\u00f5es da CPAD), a programa\u00e7\u00e3o contou com a participa\u00e7\u00e3o dos superintendentes de Escola Dominical: Coordenador Pedag\u00f3gico Marcos Teixeira (AD de Cacoal \/RO); Pastor&nbsp;Melquisedeck Abreu (AD de S\u00e3o Lu\u00eds \/MA); Pastor Marcelo Ferreira (AD Belenzinho \/SP), igreja presidida pelo Pastor Jos\u00e9 Wellington Bezerra da Costa (Presidente do Conselho Administrativo da CPAD); Pastor Ariel da Silveira (AD de Curitiba\/PR); e, do Evangelista&nbsp;Silas Tavares (AD Taguatinga Bras\u00edlia\/DF). Tamb\u00e9m esteve presente o Pastor Jos\u00e9 Wellington Costa J\u00fanior (Presidente da CGADB &#8211; Conven\u00e7\u00e3o Geral das Assembleias de Deus no Brasil).<\/p>\n\n\n\n<p>Voc\u00ea pode conferir a live&nbsp;<a href=\"https:\/\/www.youtube.com\/watch?v=OfZATLWJ7yE&amp;feature=youtu.be\">AQUI<\/a><\/p>\n","protected":false},"excerpt":{"rendered":"<p>Com base no tema: &#8220;A Escola Dominical Hoje e Amanh\u00e3&#8221;, a CPAD (Casa Publicadora das Assembleias de Deus) realizou o F\u00f3rum Online de Superintendentes de Escola Dominical na noite dessa quinta-feira (17). A live foi transmitida pelo YouTube e contou com a participa\u00e7\u00e3o de v\u00e1rios superindentes convidados das mais diversas regi\u00f5es do pa\u00eds. O evento [&hellip;]<\/p>\n","protected":false},"author":2,"featured_media":7184,"comment_status":"open","ping_status":"open","sticky":false,"template":"","format":"standard","meta":[],"categories":[17,5],"tags":[],"_links":{"self":[{"href":"https:\/\/dgospel.com.br\/portal\/index.php\/wp-json\/wp\/v2\/posts\/7183"}],"collection":[{"href":"https:\/\/dgospel.com.br\/portal\/index.php\/wp-json\/wp\/v2\/posts"}],"about":[{"href":"https:\/\/dgospel.com.br\/portal\/index.php\/wp-json\/wp\/v2\/types\/post"}],"author":[{"embeddable":true,"href":"https:\/\/dgospel.com.br\/portal\/index.php\/wp-json\/wp\/v2\/users\/2"}],"replies":[{"embeddable":true,"href":"https:\/\/dgospel.com.br\/portal\/index.php\/wp-json\/wp\/v2\/comments?post=7183"}],"version-history":[{"count":1,"href":"https:\/\/dgospel.com.br\/portal\/index.php\/wp-json\/wp\/v2\/posts\/7183\/revisions"}],"predecessor-version":[{"id":7185,"href":"https:\/\/dgospel.com.br\/portal\/index.php\/wp-json\/wp\/v2\/posts\/7183\/revisions\/7185"}],"wp:featuredmedia":[{"embeddable":true,"href":"https:\/\/dgospel.com.br\/portal\/index.php\/wp-json\/wp\/v2\/media\/7184"}],"wp:attachment":[{"href":"https:\/\/dgospel.com.br\/portal\/index.php\/wp-json\/wp\/v2\/media?parent=7183"}],"wp:term":[{"taxonomy":"category","embeddable":true,"href":"https:\/\/dgospel.com.br\/portal\/index.php\/wp-json\/wp\/v2\/categories?post=7183"},{"taxonomy":"post_tag","embeddable":true,"href":"https:\/\/dgospel.com.br\/portal\/index.php\/wp-json\/wp\/v2\/tags?post=7183"}],"curies":[{"name":"wp","href":"https:\/\/api.w.org\/{rel}","templated":true}]}}