{"id":7186,"date":"2020-12-24T12:04:37","date_gmt":"2020-12-24T15:04:37","guid":{"rendered":"http:\/\/dgospel.com.br\/portal\/?p=7186"},"modified":"2020-12-24T12:04:38","modified_gmt":"2020-12-24T15:04:38","slug":"se-nao-tiver-voto-impresso-pode-esquecer-eleicao-diz-bolsonaro","status":"publish","type":"post","link":"https:\/\/dgospel.com.br\/portal\/index.php\/2020\/12\/24\/se-nao-tiver-voto-impresso-pode-esquecer-eleicao-diz-bolsonaro\/","title":{"rendered":"\u201cSe n\u00e3o tiver voto impresso, pode esquecer elei\u00e7\u00e3o\u201d, diz Bolsonaro"},"content":{"rendered":"\n<p>Em conversa com apoiadores na cidade de S\u00e3o Francisco do Sul, em Santa Catarina, o presidente Jair Bolsonaro voltou a defender a impress\u00e3o do voto na urna eletr\u00f4nica. Na ocasi\u00e3o, o chefe do Executivo declarou que \u201cse n\u00e3o tiver voto impresso, pode esquecer elei\u00e7\u00e3o\u201d, em refer\u00eancia ao pleito de 2022. O presidente da Rep\u00fablica segue em recesso em Santa Catarina.<\/p>\n\n\n\n<p>Essa n\u00e3o \u00e9 a primeira ocasi\u00e3o neste m\u00eas em que Bolsonaro defende a impress\u00e3o do voto nas urnas eletr\u00f4nicas. No \u00faltimo dia 7 de dezembro, ele disse a apoiadores que ele estava conversando com lideran\u00e7as no Congresso Nacional sobre o assunto.<\/p>\n\n\n\n<p>\u2013 Quem decide somos n\u00f3s, o presidente Executivo e o Parlamento, t\u00e1 ok? E ponto final \u2013 afirmou o presidente, na sa\u00edda do Pal\u00e1cio da Alvorada, em transmiss\u00e3o pelo YouTube.<\/p>\n\n\n\n<p>O voto impresso tem sido uma das principais bandeiras de Bolsonaro, j\u00e1 que, segundo ele, o uso de papel evitaria fraudes eleitorais. Al\u00e9m disso, no dia 29 de outubro, segundo turno das elei\u00e7\u00f5es municipais de 2020, Bolsonaro disse que o voto impresso serviria para \u201ctirar da cabe\u00e7a do povo a d\u00favida de poss\u00edveis fraudes nas elei\u00e7\u00f5es\u201d.<\/p>\n","protected":false},"excerpt":{"rendered":"<p>Em conversa com apoiadores na cidade de S\u00e3o Francisco do Sul, em Santa Catarina, o presidente Jair Bolsonaro voltou a defender a impress\u00e3o do voto na urna eletr\u00f4nica. Na ocasi\u00e3o, o chefe do Executivo declarou que \u201cse n\u00e3o tiver voto impresso, pode esquecer elei\u00e7\u00e3o\u201d, em refer\u00eancia ao pleito de 2022. O presidente da Rep\u00fablica segue [&hellip;]<\/p>\n","protected":false},"author":2,"featured_media":7187,"comment_status":"open","ping_status":"open","sticky":false,"template":"","format":"standard","meta":[],"categories":[4],"tags":[13,14],"_links":{"self":[{"href":"https:\/\/dgospel.com.br\/portal\/index.php\/wp-json\/wp\/v2\/posts\/7186"}],"collection":[{"href":"https:\/\/dgospel.com.br\/portal\/index.php\/wp-json\/wp\/v2\/posts"}],"about":[{"href":"https:\/\/dgospel.com.br\/portal\/index.php\/wp-json\/wp\/v2\/types\/post"}],"author":[{"embeddable":true,"href":"https:\/\/dgospel.com.br\/portal\/index.php\/wp-json\/wp\/v2\/users\/2"}],"replies":[{"embeddable":true,"href":"https:\/\/dgospel.com.br\/portal\/index.php\/wp-json\/wp\/v2\/comments?post=7186"}],"version-history":[{"count":1,"href":"https:\/\/dgospel.com.br\/portal\/index.php\/wp-json\/wp\/v2\/posts\/7186\/revisions"}],"predecessor-version":[{"id":7188,"href":"https:\/\/dgospel.com.br\/portal\/index.php\/wp-json\/wp\/v2\/posts\/7186\/revisions\/7188"}],"wp:featuredmedia":[{"embeddable":true,"href":"https:\/\/dgospel.com.br\/portal\/index.php\/wp-json\/wp\/v2\/media\/7187"}],"wp:attachment":[{"href":"https:\/\/dgospel.com.br\/portal\/index.php\/wp-json\/wp\/v2\/media?parent=7186"}],"wp:term":[{"taxonomy":"category","embeddable":true,"href":"https:\/\/dgospel.com.br\/portal\/index.php\/wp-json\/wp\/v2\/categories?post=7186"},{"taxonomy":"post_tag","embeddable":true,"href":"https:\/\/dgospel.com.br\/portal\/index.php\/wp-json\/wp\/v2\/tags?post=7186"}],"curies":[{"name":"wp","href":"https:\/\/api.w.org\/{rel}","templated":true}]}}