{"id":719,"date":"2018-07-09T09:34:44","date_gmt":"2018-07-09T12:34:44","guid":{"rendered":"http:\/\/dgospel.com.br\/portal\/?p=719"},"modified":"2018-07-09T09:34:44","modified_gmt":"2018-07-09T12:34:44","slug":"wanderlei-barbosa-renuncia-mandato-de-deputado-e-assumira-como-vice-governador-para-o-mandato-tampao","status":"publish","type":"post","link":"https:\/\/dgospel.com.br\/portal\/index.php\/2018\/07\/09\/wanderlei-barbosa-renuncia-mandato-de-deputado-e-assumira-como-vice-governador-para-o-mandato-tampao\/","title":{"rendered":"Wanderlei Barbosa renuncia mandato de deputado e assumir\u00e1 como vice-governador para o mandato-tamp\u00e3o"},"content":{"rendered":"<p>O deputado estadual Wanderlei Barbosa (PHS), tomou decis\u00e3o a respeito do seu destino pol\u00edtico a partir desta segunda-feira, 9 de julho. O parlamentar declarou que ir\u00e1 renunciar ao mandato no Legislativo Estadual e tomar\u00e1 posse como vice-governador juntamente com Mauro Carlesse (PHS) que assumir\u00e1 como vice-governador para o mandato-tamp\u00e3o, assumindo a partir desta segunda-feira.<\/p>\n<p>Wanderlei tinha afirmado anteriormente que sua vontade era de permanecer na Assembleia Legislativa continuando com o trabalho parlamentar, mas, em conversa com aliados e com o governador eleito, Mauro Carlesse, seria o melhor para Tocantins se juntos trabalhassem projetos importantes para o Estado.<\/p>\n<p>Com a sa\u00edda de Wanderlei, St\u00e1lin Bucar (PR) assumir\u00e1 a cadeira na Assembleia para o mandato tamp\u00e3o de pouco menos de seis meses.<\/p>\n<p>A posse de Wanderlei Barbosa e do Governador eleito, Mauro Carlesse (PHS), acontece nesta segunda-feira, 9, \u00e0s 10hs, na Assembleia Legislativa.<\/p>\n<p><strong>\u00a0<\/strong><\/p>\n<p><strong>Perfil do vice<\/strong><\/p>\n<p>Wanderlei Barbosa Castro (PHS) \u00e9 natural de Porto Nacional (TO), onde se elegeu vereador em 1989. Em 1996 foi eleito vereador na Capital, sendo reeleito em 2010. Foi presidente da C\u00e2mara Municipal de Palmas nos bi\u00eanios de 2003-2004 e de 2009- 2010. Foi, tamb\u00e9m, subprefeito de Taquaru\u00e7u na \u00e9poca de sua emancipa\u00e7\u00e3o. Em 2010 conquista seu primeiro mandato de deputado estadual, sendo reeleito em 2014. Wanderlei \u00e9 filho do primeiro prefeito de Palmas, Fenelon Barbosa, casado com Blandina Vieira Leite Castro (Anita) e pai de Ygor Leonardo Castro Leite, R\u00e9rison Antonio C. Leite e Rosa Maria C. Leite.<\/p>\n<p>&nbsp;<\/p>\n<p>Assessoria de Comunica\u00e7\u00e3o<\/p>\n<p>&nbsp;<\/p>\n","protected":false},"excerpt":{"rendered":"<p>O deputado estadual Wanderlei Barbosa (PHS), tomou decis\u00e3o a respeito do seu destino pol\u00edtico a partir desta segunda-feira, 9 de julho. O parlamentar declarou que ir\u00e1 renunciar ao mandato no Legislativo Estadual e tomar\u00e1 posse como vice-governador juntamente com Mauro Carlesse (PHS) que assumir\u00e1 como vice-governador para o mandato-tamp\u00e3o, assumindo a partir desta segunda-feira. Wanderlei [&hellip;]<\/p>\n","protected":false},"author":2,"featured_media":720,"comment_status":"open","ping_status":"open","sticky":false,"template":"","format":"standard","meta":[],"categories":[2,3,4],"tags":[],"_links":{"self":[{"href":"https:\/\/dgospel.com.br\/portal\/index.php\/wp-json\/wp\/v2\/posts\/719"}],"collection":[{"href":"https:\/\/dgospel.com.br\/portal\/index.php\/wp-json\/wp\/v2\/posts"}],"about":[{"href":"https:\/\/dgospel.com.br\/portal\/index.php\/wp-json\/wp\/v2\/types\/post"}],"author":[{"embeddable":true,"href":"https:\/\/dgospel.com.br\/portal\/index.php\/wp-json\/wp\/v2\/users\/2"}],"replies":[{"embeddable":true,"href":"https:\/\/dgospel.com.br\/portal\/index.php\/wp-json\/wp\/v2\/comments?post=719"}],"version-history":[{"count":1,"href":"https:\/\/dgospel.com.br\/portal\/index.php\/wp-json\/wp\/v2\/posts\/719\/revisions"}],"predecessor-version":[{"id":721,"href":"https:\/\/dgospel.com.br\/portal\/index.php\/wp-json\/wp\/v2\/posts\/719\/revisions\/721"}],"wp:featuredmedia":[{"embeddable":true,"href":"https:\/\/dgospel.com.br\/portal\/index.php\/wp-json\/wp\/v2\/media\/720"}],"wp:attachment":[{"href":"https:\/\/dgospel.com.br\/portal\/index.php\/wp-json\/wp\/v2\/media?parent=719"}],"wp:term":[{"taxonomy":"category","embeddable":true,"href":"https:\/\/dgospel.com.br\/portal\/index.php\/wp-json\/wp\/v2\/categories?post=719"},{"taxonomy":"post_tag","embeddable":true,"href":"https:\/\/dgospel.com.br\/portal\/index.php\/wp-json\/wp\/v2\/tags?post=719"}],"curies":[{"name":"wp","href":"https:\/\/api.w.org\/{rel}","templated":true}]}}