{"id":7192,"date":"2020-12-24T12:14:52","date_gmt":"2020-12-24T15:14:52","guid":{"rendered":"http:\/\/dgospel.com.br\/portal\/?p=7192"},"modified":"2020-12-24T12:14:54","modified_gmt":"2020-12-24T15:14:54","slug":"lider-do-governo-diz-que-saldo-no-legislativo-e-positivo","status":"publish","type":"post","link":"https:\/\/dgospel.com.br\/portal\/index.php\/2020\/12\/24\/lider-do-governo-diz-que-saldo-no-legislativo-e-positivo\/","title":{"rendered":"L\u00edder do governo diz que saldo no Legislativo \u00e9 positivo"},"content":{"rendered":"\n<p>\n\nRicardo Barros: &#8220;conseguimos aprovar muitas mat\u00e9rias de grande relev\u00e2ncia no enfrentamento dos impactos econ\u00f4micos e na sa\u00fade provocados pelo coronav\u00edrus&#8221;\n        \n        <\/p>\n\n\n\n<p>O l\u00edder do governo na C\u00e2mara, deputado <a href=\"https:\/\/www.camara.leg.br\/deputados\/73788\">Ricardo Barros (PP-PR)<\/a>, afirmou nesta ter\u00e7a-feira (22) que o saldo das vota\u00e7\u00f5es no Legislativo neste ano foi positivo, apesar do per\u00edodo desafiador. \u201cEm poucos meses, conseguimos aprovar muitas mat\u00e9rias de grande relev\u00e2ncia no enfrentamento dos impactos econ\u00f4micos e na sa\u00fade provocados pelo coronav\u00edrus\u201d, destacou, durante a sess\u00e3o do Plen\u00e1rio.<\/p>\n\n\n\n<p>Segundo ele, \u201co trabalho em harmonia com os partidos\u201d permitiu, por exemplo, a aprova\u00e7\u00e3o da regulamenta\u00e7\u00e3o do Benef\u00edcio Emergencial de Preserva\u00e7\u00e3o do Emprego e da Renda. \u201cEssa iniciativa \u00e9 complementada pelo Programa Emergencial de Acesso ao Cr\u00e9dito, tamb\u00e9m votado na C\u00e2mara, que liberou R$ 20 bilh\u00f5es para garantir a sobreviv\u00eancia de empresas brasileiras durante esse per\u00edodo\u201d, disse Barros.<\/p>\n\n\n\n<p>\u201cJuntos, aprovamos aqui um cr\u00e9dito de R$ 10 bilh\u00f5es para socorrer os estados, os munic\u00edpios e o Distrito Federal nas a\u00e7\u00f5es contra a pandemia\u201d, completou.<\/p>\n\n\n\n<p>Ele citou ainda, entre outras propostas, a aprova\u00e7\u00e3o de medida provis\u00f3ria que garantiu R$ 2 bilh\u00f5es para a compra da vacina de Oxford\/AstraZeneca\/Fiocruz.<\/p>\n\n\n\n<p><strong>Prioridades em 2021<\/strong><br>\n        Para 2021, o l\u00edder do governo listou como prioridades: a vota\u00e7\u00e3o da reforma tribut\u00e1ria, da reforma administrativa, da PEC Emergencial, do pacto federativo, da autonomia do Banco Central e das privatiza\u00e7\u00f5es.<\/p>\n\n\n\n<p>Ricardo Barros pediu que fosse seguido \u201co mantra\u201d do presidente Jair Bolsonaro: &#8220;n\u00e3o tem aumento da carga tribut\u00e1ria, n\u00e3o tem fura teto e n\u00e3o tem prorroga\u00e7\u00e3o do or\u00e7amento de guerra&#8221;.<\/p>\n\n\n\n<p><strong>Oposi\u00e7\u00e3o<\/strong><br>\n        Vice-l\u00edder da Minoria, o deputado <a href=\"https:\/\/www.camara.leg.br\/deputados\/160508\">Afonso Florence (PT-BA)<\/a> atribui \u00e0 oposi\u00e7\u00e3o \u201cimportantes \u00eaxitos, como os R$ 600 para a renda emergencial; a Lei Aldir Blanc; a Lei Assis Carvalho; e a pol\u00edtica de apoio a micro e pequenas empresas e a microempreendores individuais\u201d.<\/p>\n\n\n\n<p>J\u00e1 o deputado <a href=\"https:\/\/www.camara.leg.br\/deputados\/204480\">Rog\u00e9rio Correia (PT-MG)<\/a>, vice-l\u00edder do PT, disse que o saldo do ano \u00e9 negativo. \u201cN\u00f3s n\u00e3o concordamos que temos um saldo positivo. N\u00e3o, pelo contr\u00e1rio. O saldo \u00e9 extremamente negativo para o Pa\u00eds: um governo, em primeiro lugar, obscurantista, que quis colocar pautas que foram barradas muitas vezes pela for\u00e7a da pr\u00f3pria popula\u00e7\u00e3o, do movimento social e, por vezes, at\u00e9 do Congresso Nacional e do STF.\u201d<em>Maryanna Oliveira\/C\u00e2mara dos Deputados<\/em><\/p>\n\n\n\n<figure class=\"wp-block-image\"><img src=\"https:\/\/www.camara.leg.br\/midias\/image\/2020\/12\/sessao-extraordinaria-deliberativa-virtual-559-454x338.jpg\" alt=\"Vota\u00e7\u00e3o de propostas. Dep. Rog\u00e9rio Correia(PT - MG)\"\/><\/figure>\n\n\n\n<p>\n        Rog\u00e9rio Correia: &#8220;Se n\u00e3o fosse o Parlamento, ou o pr\u00f3prio Supremo, com certeza as coisas tinham sido ainda piores&#8221;\n        \n        <\/p>\n\n\n\n<p>Conforme ele, \u201cpautas autorit\u00e1rias foram postas pelo presidente da Rep\u00fablica\u201d, que \u201cse lan\u00e7ou contra o Congresso Nacional\u201d. \u201c\u00c9 certo que o Parlamento, muitas vezes, agiu para impedir essa pauta do presidente da Rep\u00fablica. Se n\u00e3o fosse o Parlamento, ou o pr\u00f3prio Supremo, com certeza as coisas tinham sido ainda piores\u201d, afirmou.<\/p>\n\n\n\n<p>Para Rog\u00e9rio Correia, n\u00e3o h\u00e1 nada a comemorar, e o Parlamento precisa, a partir do ano que vem, ter pautas que sejam positivas para o povo. \u201cN\u00f3s n\u00e3o podemos olhar apenas o desejo do mercado, dos banqueiros, dos grandes capitalistas. \u00c9 preciso olhar o que passa o povo brasileiro\u201d, afirmou.<\/p>\n\n\n\n<p>Fonte: Ag\u00eancia C\u00e2mara de Not\u00edcias<\/p>\n","protected":false},"excerpt":{"rendered":"<p>Ricardo Barros: &#8220;conseguimos aprovar muitas mat\u00e9rias de grande relev\u00e2ncia no enfrentamento dos impactos econ\u00f4micos e na sa\u00fade provocados pelo coronav\u00edrus&#8221; O l\u00edder do governo na C\u00e2mara, deputado Ricardo Barros (PP-PR), afirmou nesta ter\u00e7a-feira (22) que o saldo das vota\u00e7\u00f5es no Legislativo neste ano foi positivo, apesar do per\u00edodo desafiador. \u201cEm poucos meses, conseguimos aprovar muitas [&hellip;]<\/p>\n","protected":false},"author":2,"featured_media":7193,"comment_status":"open","ping_status":"open","sticky":false,"template":"","format":"standard","meta":[],"categories":[8],"tags":[],"_links":{"self":[{"href":"https:\/\/dgospel.com.br\/portal\/index.php\/wp-json\/wp\/v2\/posts\/7192"}],"collection":[{"href":"https:\/\/dgospel.com.br\/portal\/index.php\/wp-json\/wp\/v2\/posts"}],"about":[{"href":"https:\/\/dgospel.com.br\/portal\/index.php\/wp-json\/wp\/v2\/types\/post"}],"author":[{"embeddable":true,"href":"https:\/\/dgospel.com.br\/portal\/index.php\/wp-json\/wp\/v2\/users\/2"}],"replies":[{"embeddable":true,"href":"https:\/\/dgospel.com.br\/portal\/index.php\/wp-json\/wp\/v2\/comments?post=7192"}],"version-history":[{"count":1,"href":"https:\/\/dgospel.com.br\/portal\/index.php\/wp-json\/wp\/v2\/posts\/7192\/revisions"}],"predecessor-version":[{"id":7194,"href":"https:\/\/dgospel.com.br\/portal\/index.php\/wp-json\/wp\/v2\/posts\/7192\/revisions\/7194"}],"wp:featuredmedia":[{"embeddable":true,"href":"https:\/\/dgospel.com.br\/portal\/index.php\/wp-json\/wp\/v2\/media\/7193"}],"wp:attachment":[{"href":"https:\/\/dgospel.com.br\/portal\/index.php\/wp-json\/wp\/v2\/media?parent=7192"}],"wp:term":[{"taxonomy":"category","embeddable":true,"href":"https:\/\/dgospel.com.br\/portal\/index.php\/wp-json\/wp\/v2\/categories?post=7192"},{"taxonomy":"post_tag","embeddable":true,"href":"https:\/\/dgospel.com.br\/portal\/index.php\/wp-json\/wp\/v2\/tags?post=7192"}],"curies":[{"name":"wp","href":"https:\/\/api.w.org\/{rel}","templated":true}]}}