{"id":7198,"date":"2020-12-29T16:05:44","date_gmt":"2020-12-29T19:05:44","guid":{"rendered":"http:\/\/dgospel.com.br\/portal\/?p=7198"},"modified":"2020-12-29T16:15:48","modified_gmt":"2020-12-29T19:15:48","slug":"governo-do-tocantins-divulga-calendario-para-pagamento-do-ipva-referente-aos-exercicios-de-2021-e-2022","status":"publish","type":"post","link":"https:\/\/dgospel.com.br\/portal\/index.php\/2020\/12\/29\/governo-do-tocantins-divulga-calendario-para-pagamento-do-ipva-referente-aos-exercicios-de-2021-e-2022\/","title":{"rendered":"Governo do Tocantins divulga calend\u00e1rio para pagamento do IPVA referente aos exerc\u00edcios de 2021 e 2022"},"content":{"rendered":"\n<p>O Governo do Tocantins j\u00e1 definiu o calend\u00e1rio para pagamento do Imposto sobre a Propriedade de Ve\u00edculos Automotores (IPVA) referente&nbsp;aos exerc\u00edcios de 2021 e 2022. A Portaria Sefaz n\u00ba 1108 que disp\u00f5e sobre o calend\u00e1rio foi publicada no suplemento do Di\u00e1rio Oficial do Estado (DOE), edi\u00e7\u00e3o n\u00ba 5754, dessa segunda-feira, 28.<\/p>\n\n\n\n<p>Conforme a Portaria, o contribuinte poder\u00e1 pagar o IPVA 2021 em parcela \u00fanica ou em at\u00e9 dez parcelas. Se a op\u00e7\u00e3o for por parcela \u00fanica, quem efetuar o pagamento at\u00e9 o dia 15 de janeiro de 2021 ter\u00e1 desconto de 10%. Ap\u00f3s esse prazo, o contribuinte ter\u00e1 at\u00e9 o dia 15 de outubro para pagar o IPVA 2021, mas sem o desconto.<\/p>\n\n\n\n<p>J\u00e1 o contribuinte que optar por parcelar o imposto, poder\u00e1 faz\u00ea-lo em at\u00e9 dez parcelas mensais desde que o valor da parcela n\u00e3o seja inferior a R$ 400, no caso de pessoa jur\u00eddica, e R$ 200&nbsp;se pessoa f\u00edsica. Quem optar pelo parcelamento somente poder\u00e1 receber o documento de licenciamento do ve\u00edculo quando quitar a \u00faltima parcela.<\/p>\n\n\n\n<p><strong>Dare<\/strong><\/p>\n\n\n\n<p>Para pagar o imposto, o contribuinte deve acessar o site da Secretaria da Fazenda e Planejamento (Sefaz\/TO),&nbsp;<a href=\"http:\/\/www.sefaz.to.gov.br\/\" target=\"_blank\" rel=\"noreferrer noopener\">www.sefaz.to.gov.br<\/a>, e imprimir o Documento de Arrecada\u00e7\u00e3o da Receita Estadual (Dare), dispon\u00edvel no link IPVA. Para preencher o Dare basta o n\u00famero do Renavam, a placa do ve\u00edculo e o CPF do propriet\u00e1rio.<\/p>\n\n\n\n<p>O IPVA \u00e9 calculado conforme o valor de mercado do ve\u00edculo, obedecendo \u00e0s al\u00edquotas constantes no artigo 78 do C\u00f3digo Tribut\u00e1rio do Estado do Tocantins, acess\u00edvel em&nbsp;<a href=\"http:\/\/dtri.sefaz.to.gov.br\/\" target=\"_blank\" rel=\"noreferrer noopener\">http:\/\/dtri.sefaz.to.gov.br\/<\/a>&nbsp;(IPVA\/Al\u00edquotas).<\/p>\n\n\n\n<p><strong>2022<\/strong><\/p>\n\n\n\n<p>Ainda conforme a Portaria, para o exerc\u00edcio de 2022,&nbsp;o vencimento da parcela \u00fanica ser\u00e1 dia 17 de janeiro de 2022. A mesma data \u00e9 estipulada para a primeira parcela de quem optar por dividir o d\u00e9bito.<\/p>\n","protected":false},"excerpt":{"rendered":"<p>O Governo do Tocantins j\u00e1 definiu o calend\u00e1rio para pagamento do Imposto sobre a Propriedade de Ve\u00edculos Automotores (IPVA) referente&nbsp;aos exerc\u00edcios de 2021 e 2022. A Portaria Sefaz n\u00ba 1108 que disp\u00f5e sobre o calend\u00e1rio foi publicada no suplemento do Di\u00e1rio Oficial do Estado (DOE), edi\u00e7\u00e3o n\u00ba 5754, dessa segunda-feira, 28. Conforme a Portaria, o [&hellip;]<\/p>\n","protected":false},"author":2,"featured_media":7199,"comment_status":"open","ping_status":"open","sticky":false,"template":"","format":"standard","meta":[],"categories":[3],"tags":[13],"_links":{"self":[{"href":"https:\/\/dgospel.com.br\/portal\/index.php\/wp-json\/wp\/v2\/posts\/7198"}],"collection":[{"href":"https:\/\/dgospel.com.br\/portal\/index.php\/wp-json\/wp\/v2\/posts"}],"about":[{"href":"https:\/\/dgospel.com.br\/portal\/index.php\/wp-json\/wp\/v2\/types\/post"}],"author":[{"embeddable":true,"href":"https:\/\/dgospel.com.br\/portal\/index.php\/wp-json\/wp\/v2\/users\/2"}],"replies":[{"embeddable":true,"href":"https:\/\/dgospel.com.br\/portal\/index.php\/wp-json\/wp\/v2\/comments?post=7198"}],"version-history":[{"count":1,"href":"https:\/\/dgospel.com.br\/portal\/index.php\/wp-json\/wp\/v2\/posts\/7198\/revisions"}],"predecessor-version":[{"id":7200,"href":"https:\/\/dgospel.com.br\/portal\/index.php\/wp-json\/wp\/v2\/posts\/7198\/revisions\/7200"}],"wp:featuredmedia":[{"embeddable":true,"href":"https:\/\/dgospel.com.br\/portal\/index.php\/wp-json\/wp\/v2\/media\/7199"}],"wp:attachment":[{"href":"https:\/\/dgospel.com.br\/portal\/index.php\/wp-json\/wp\/v2\/media?parent=7198"}],"wp:term":[{"taxonomy":"category","embeddable":true,"href":"https:\/\/dgospel.com.br\/portal\/index.php\/wp-json\/wp\/v2\/categories?post=7198"},{"taxonomy":"post_tag","embeddable":true,"href":"https:\/\/dgospel.com.br\/portal\/index.php\/wp-json\/wp\/v2\/tags?post=7198"}],"curies":[{"name":"wp","href":"https:\/\/api.w.org\/{rel}","templated":true}]}}