{"id":72,"date":"2018-05-11T08:57:00","date_gmt":"2018-05-11T11:57:00","guid":{"rendered":"http:\/\/dgospel.com.br\/portal\/?p=72"},"modified":"2018-05-11T08:57:00","modified_gmt":"2018-05-11T11:57:00","slug":"luana-representa-presidentes-das-assembleias-do-brasil-na-abertura-da-unale","status":"publish","type":"post","link":"https:\/\/dgospel.com.br\/portal\/index.php\/2018\/05\/11\/luana-representa-presidentes-das-assembleias-do-brasil-na-abertura-da-unale\/","title":{"rendered":"Luana representa presidentes das assembleias do Brasil na abertura da Unale"},"content":{"rendered":"<div class=\"addthis_toolbox addthis_default_style\">\n<div class=\"span3 pull-right\">\n<div class=\"google_plusone_iframe_widget\"><\/div>\n<div class=\"tweet_iframe_widget\">Depois de um dia de reuni\u00f5es de associa\u00e7\u00f5es funcionais vinculadas \u00e0s assembleias do Brasil, a 22\u00aa Confer\u00eancia da Uni\u00e3o dos Legisladores e Legislativos Estaduais (Unale) foi oficialmente aberta na noite desta quarta-feira, 9, em Gramado, Rio Grande do Sul. A presidente da Assembleia do Tocantins, deputada Luana Ribeiro (PSDB), comp\u00f4s a mesa de honra e representou, na ocasi\u00e3o, o Col\u00e9gio de Presidentes das Assembleias do Brasil.<\/div>\n<\/div>\n<\/div>\n<p>A defesa da classe pol\u00edtica e de reformas estruturantes frente \u00e0 crise foi o tom dos discursos no evento. Para o prefeito de Gramado, Jos\u00e9 Alfredo Bertolucci (PDT), a Unale \u00e9 uma entidade importante e o documento que resultar da Confer\u00eancia ser\u00e1 um instrumento de materializa\u00e7\u00e3o de a\u00e7\u00f5es pol\u00edticas concretas.<\/p>\n<p>J\u00e1 o governador do Rio Grande do Sul, Jos\u00e9 Ivo Sartori (MDB), citou como exemplo o projeto de consulta popular que submeteu \u00e0 aprecia\u00e7\u00e3o da Assembleia ga\u00facha quanto a privatiza\u00e7\u00e3o da estatal de energia. De acordo com Sartori, desta forma, os ga\u00fachos ser\u00e3o chamados a decidir sobre o modelo de estado que desejam.<\/p>\n<p>A Confer\u00eancia conta com a participa\u00e7\u00e3o de deputados estaduais de todos os estados brasileiros e de pa\u00edses convidados como Argentina, Chile, China, Espanha, Paraguai, Uruguai e Venezuela. As delega\u00e7\u00f5es v\u00e3o acompanhar dois dias de debates sobre \u201cOs Desafios para o Novo Brasil\u201d com especialistas e presidenci\u00e1veis \u00e0 Presid\u00eancia da Rep\u00fablica.<\/p>\n","protected":false},"excerpt":{"rendered":"<p>Depois de um dia de reuni\u00f5es de associa\u00e7\u00f5es funcionais vinculadas \u00e0s assembleias do Brasil, a 22\u00aa Confer\u00eancia da Uni\u00e3o dos Legisladores e Legislativos Estaduais (Unale) foi oficialmente aberta na noite desta quarta-feira, 9, em Gramado, Rio Grande do Sul. A presidente da Assembleia do Tocantins, deputada Luana Ribeiro (PSDB), comp\u00f4s a mesa de honra e [&hellip;]<\/p>\n","protected":false},"author":2,"featured_media":73,"comment_status":"open","ping_status":"open","sticky":false,"template":"","format":"standard","meta":[],"categories":[8],"tags":[],"_links":{"self":[{"href":"https:\/\/dgospel.com.br\/portal\/index.php\/wp-json\/wp\/v2\/posts\/72"}],"collection":[{"href":"https:\/\/dgospel.com.br\/portal\/index.php\/wp-json\/wp\/v2\/posts"}],"about":[{"href":"https:\/\/dgospel.com.br\/portal\/index.php\/wp-json\/wp\/v2\/types\/post"}],"author":[{"embeddable":true,"href":"https:\/\/dgospel.com.br\/portal\/index.php\/wp-json\/wp\/v2\/users\/2"}],"replies":[{"embeddable":true,"href":"https:\/\/dgospel.com.br\/portal\/index.php\/wp-json\/wp\/v2\/comments?post=72"}],"version-history":[{"count":1,"href":"https:\/\/dgospel.com.br\/portal\/index.php\/wp-json\/wp\/v2\/posts\/72\/revisions"}],"predecessor-version":[{"id":74,"href":"https:\/\/dgospel.com.br\/portal\/index.php\/wp-json\/wp\/v2\/posts\/72\/revisions\/74"}],"wp:featuredmedia":[{"embeddable":true,"href":"https:\/\/dgospel.com.br\/portal\/index.php\/wp-json\/wp\/v2\/media\/73"}],"wp:attachment":[{"href":"https:\/\/dgospel.com.br\/portal\/index.php\/wp-json\/wp\/v2\/media?parent=72"}],"wp:term":[{"taxonomy":"category","embeddable":true,"href":"https:\/\/dgospel.com.br\/portal\/index.php\/wp-json\/wp\/v2\/categories?post=72"},{"taxonomy":"post_tag","embeddable":true,"href":"https:\/\/dgospel.com.br\/portal\/index.php\/wp-json\/wp\/v2\/tags?post=72"}],"curies":[{"name":"wp","href":"https:\/\/api.w.org\/{rel}","templated":true}]}}