{"id":7201,"date":"2020-12-29T16:15:19","date_gmt":"2020-12-29T19:15:19","guid":{"rendered":"http:\/\/dgospel.com.br\/portal\/?p=7201"},"modified":"2020-12-29T16:15:21","modified_gmt":"2020-12-29T19:15:21","slug":"governo-apresenta-planejamento-de-trabalho-e-parcerias-para-nova-chefe-geral-da-embrapa-no-estado","status":"publish","type":"post","link":"https:\/\/dgospel.com.br\/portal\/index.php\/2020\/12\/29\/governo-apresenta-planejamento-de-trabalho-e-parcerias-para-nova-chefe-geral-da-embrapa-no-estado\/","title":{"rendered":"Governo apresenta planejamento de trabalho e parcerias para nova Chefe-geral da Embrapa no Estado"},"content":{"rendered":"\n<p>O secret\u00e1rio da Agricultura, Pecu\u00e1ria e Aquicultura do Estado, Thiago Dourado, representando o Governo do Tocantins, participou na manh\u00e3 desta ter\u00e7a-feira, 29, de uma v\u00eddeoconfer\u00eancia com a nova chefe-geral da Embrapa Pesca e Aquicultura (Palmas-TO), Danielle de Bem Luiz, com o presidente do Instituto de Desenvolvimento Rural do Tocantins (Ruraltins), Fabiano Miranda, e representantes de setores do Minist\u00e9rio da Agricultura, Pecu\u00e1ria e Abastecimento (Mapa).<\/p>\n\n\n\n<p>Na pauta foi demonstrado o andamento do Conv\u00eanio Mapa\/Ruraltins \u2013 e o acompanhamento das compras e execu\u00e7\u00e3o, bem como a doa\u00e7\u00e3o de m\u00f3veis e bens que ser\u00e3o cedidos pelo Minist\u00e9rio da Agricultura, Pecu\u00e1ria e Abastecimento. Durante a apresenta\u00e7\u00e3o da nova chefia, Danielle apresentou o planejamento de trabalho para 2021 e falou da disposi\u00e7\u00e3o em trocar experi\u00eancias e dialogar ideias e projetos. \u201cNosso primeiro contato \u00e9 para conhecer os gestores e ouvir demandas, mas j\u00e1 posso adiantar que novas parcerias vir\u00e3o e uma s\u00e9rie de novidades ser\u00e3o apresentadas posteriormente\u201d, frisou Danielle de Bem Luiz.<\/p>\n\n\n\n<p>O secretario Thiago Dourado ressaltou o trabalho desenvolvido pelo&nbsp;presidente do Ruraltins, Fabiano Miranda, e a continuidade de projetos importantes para o Estado, parabenizou a nova chefia da Embrapa desejando sucesso na nova miss\u00e3o, agradeceu a constante parceria e refor\u00e7ou a necessidade dos pacotes tecnol\u00f3gicos chegarem aos pequenos produtores.&nbsp;\u201cO governador Mauro Carlesse j\u00e1 determinou que conhecimento, projetos e a\u00e7\u00f5es devem ser desenvolvidos e aplicados para que possam dar mobilidade social e econ\u00f4mica aos produtores do Estado. As atividades na formula\u00e7\u00e3o de pol\u00edticas agr\u00edcolas s\u00e3o essenciais\u201d, pontuou o gestor.<\/p>\n\n\n\n<p><strong>Nova chefe-geral da Embrapa Pesca e Aquicultura<\/strong><\/p>\n\n\n\n<p>Danielle de Bem Luiz \u00e9 engenheira de alimentos, tem mestrado e doutorado em Engenharia Qu\u00edmica. Come\u00e7ou sua carreira na Embrapa Pesca e Aquicultura, onde atuou na \u00e1rea de Pesquisa. Liderou o projeto &#8220;Gerenciamento hidrico aplicado a entrepostos de pescado&#8221; e foi secret\u00e1ria-executiva do Comit\u00ea T\u00e9cnico Interno (CTI) dessa Unidade, estrutura tanto deliberativa como consultiva, conforme o tema. A nova chefe-geral tamb\u00e9m passou pela Embrapa Agropecu\u00e1ria Oeste (Dourados-MS) e atualmente trabalha na Embrapa Su\u00ednos e Aves (Conc\u00f3rdia-SC).<\/p>\n","protected":false},"excerpt":{"rendered":"<p>O secret\u00e1rio da Agricultura, Pecu\u00e1ria e Aquicultura do Estado, Thiago Dourado, representando o Governo do Tocantins, participou na manh\u00e3 desta ter\u00e7a-feira, 29, de uma v\u00eddeoconfer\u00eancia com a nova chefe-geral da Embrapa Pesca e Aquicultura (Palmas-TO), Danielle de Bem Luiz, com o presidente do Instituto de Desenvolvimento Rural do Tocantins (Ruraltins), Fabiano Miranda, e representantes de [&hellip;]<\/p>\n","protected":false},"author":2,"featured_media":7202,"comment_status":"open","ping_status":"open","sticky":false,"template":"","format":"standard","meta":[],"categories":[3],"tags":[13],"_links":{"self":[{"href":"https:\/\/dgospel.com.br\/portal\/index.php\/wp-json\/wp\/v2\/posts\/7201"}],"collection":[{"href":"https:\/\/dgospel.com.br\/portal\/index.php\/wp-json\/wp\/v2\/posts"}],"about":[{"href":"https:\/\/dgospel.com.br\/portal\/index.php\/wp-json\/wp\/v2\/types\/post"}],"author":[{"embeddable":true,"href":"https:\/\/dgospel.com.br\/portal\/index.php\/wp-json\/wp\/v2\/users\/2"}],"replies":[{"embeddable":true,"href":"https:\/\/dgospel.com.br\/portal\/index.php\/wp-json\/wp\/v2\/comments?post=7201"}],"version-history":[{"count":1,"href":"https:\/\/dgospel.com.br\/portal\/index.php\/wp-json\/wp\/v2\/posts\/7201\/revisions"}],"predecessor-version":[{"id":7203,"href":"https:\/\/dgospel.com.br\/portal\/index.php\/wp-json\/wp\/v2\/posts\/7201\/revisions\/7203"}],"wp:featuredmedia":[{"embeddable":true,"href":"https:\/\/dgospel.com.br\/portal\/index.php\/wp-json\/wp\/v2\/media\/7202"}],"wp:attachment":[{"href":"https:\/\/dgospel.com.br\/portal\/index.php\/wp-json\/wp\/v2\/media?parent=7201"}],"wp:term":[{"taxonomy":"category","embeddable":true,"href":"https:\/\/dgospel.com.br\/portal\/index.php\/wp-json\/wp\/v2\/categories?post=7201"},{"taxonomy":"post_tag","embeddable":true,"href":"https:\/\/dgospel.com.br\/portal\/index.php\/wp-json\/wp\/v2\/tags?post=7201"}],"curies":[{"name":"wp","href":"https:\/\/api.w.org\/{rel}","templated":true}]}}