{"id":7207,"date":"2020-12-29T16:33:26","date_gmt":"2020-12-29T19:33:26","guid":{"rendered":"http:\/\/dgospel.com.br\/portal\/?p=7207"},"modified":"2020-12-29T16:36:31","modified_gmt":"2020-12-29T19:36:31","slug":"andre-mendonca-detona-moro-por-cobrar-vacina-da-covid-19","status":"publish","type":"post","link":"https:\/\/dgospel.com.br\/portal\/index.php\/2020\/12\/29\/andre-mendonca-detona-moro-por-cobrar-vacina-da-covid-19\/","title":{"rendered":"Andr\u00e9 Mendon\u00e7a \u2018detona\u2019 Moro por cobrar vacina da Covid-19"},"content":{"rendered":"\n<p> O ministro da Justi\u00e7a, Andr\u00e9 Mendon\u00e7a, rebateu as cr\u00edticas feitas pelo ex-ministro da Justi\u00e7a, Sergio Moro, por uma demora no in\u00edcio da\u00a0<a href=\"https:\/\/pleno.news\/tag\/vacina\">vacina\u00e7\u00e3o<\/a>\u00a0contra a\u00a0<a href=\"https:\/\/pleno.news\/tag\/covid-19\">Covid-19<\/a>\u00a0no Brasil. Em sua conta do Twitter, nesta segunda-feira (28), Mendon\u00e7a questionou: \u201cAlgu\u00e9m que manchou sua biografia tem legitimidade para cobrar algo?\u201d <\/p>\n\n\n\n<p> A resposta foi dada ap\u00f3s Moro \u201catacar\u201d Bolsonaro, afirmando que v\u00e1rios outros pa\u00edses j\u00e1 iniciaram a imuniza\u00e7\u00e3o e questionando: \u201cTem presidente em Bras\u00edlia?\u201d <\/p>\n\n\n\n<p>Ao rebater a cr\u00edtica, Andr\u00e9 Mendon\u00e7a afirmou que o ex-ministro \u201centregou pouco\u201d durante sua gest\u00e3o.<\/p>\n\n\n\n<p>\u2013 Vi que Sergio Moro perguntou se havia presidente em Bras\u00edlia. Algu\u00e9m que manchou sua biografia tem legitimidade para cobrar algo? Algu\u00e9m de quem tanto se esperava e entregou t\u00e3o pouco na \u00e1rea da Seguran\u00e7a\u2026 quer cobran\u00e7a? Por que, em 06 meses, apreendemos mais drogas e mais recursos desviados da corrup\u00e7\u00e3o [do] que em 16 meses de sua gest\u00e3o? \u2013 questionou.<\/p>\n\n\n\n<figure class=\"wp-block-image\"><img src=\"https:\/\/static.cdn.pleno.news\/2020\/12\/Mendonca.png\" alt=\"\" class=\"wp-image-628555\"\/><\/figure>\n","protected":false},"excerpt":{"rendered":"<p>O ministro da Justi\u00e7a, Andr\u00e9 Mendon\u00e7a, rebateu as cr\u00edticas feitas pelo ex-ministro da Justi\u00e7a, Sergio Moro, por uma demora no in\u00edcio da\u00a0vacina\u00e7\u00e3o\u00a0contra a\u00a0Covid-19\u00a0no Brasil. Em sua conta do Twitter, nesta segunda-feira (28), Mendon\u00e7a questionou: \u201cAlgu\u00e9m que manchou sua biografia tem legitimidade para cobrar algo?\u201d A resposta foi dada ap\u00f3s Moro \u201catacar\u201d Bolsonaro, afirmando que v\u00e1rios [&hellip;]<\/p>\n","protected":false},"author":2,"featured_media":7208,"comment_status":"open","ping_status":"open","sticky":false,"template":"","format":"standard","meta":[],"categories":[4],"tags":[14],"_links":{"self":[{"href":"https:\/\/dgospel.com.br\/portal\/index.php\/wp-json\/wp\/v2\/posts\/7207"}],"collection":[{"href":"https:\/\/dgospel.com.br\/portal\/index.php\/wp-json\/wp\/v2\/posts"}],"about":[{"href":"https:\/\/dgospel.com.br\/portal\/index.php\/wp-json\/wp\/v2\/types\/post"}],"author":[{"embeddable":true,"href":"https:\/\/dgospel.com.br\/portal\/index.php\/wp-json\/wp\/v2\/users\/2"}],"replies":[{"embeddable":true,"href":"https:\/\/dgospel.com.br\/portal\/index.php\/wp-json\/wp\/v2\/comments?post=7207"}],"version-history":[{"count":1,"href":"https:\/\/dgospel.com.br\/portal\/index.php\/wp-json\/wp\/v2\/posts\/7207\/revisions"}],"predecessor-version":[{"id":7209,"href":"https:\/\/dgospel.com.br\/portal\/index.php\/wp-json\/wp\/v2\/posts\/7207\/revisions\/7209"}],"wp:featuredmedia":[{"embeddable":true,"href":"https:\/\/dgospel.com.br\/portal\/index.php\/wp-json\/wp\/v2\/media\/7208"}],"wp:attachment":[{"href":"https:\/\/dgospel.com.br\/portal\/index.php\/wp-json\/wp\/v2\/media?parent=7207"}],"wp:term":[{"taxonomy":"category","embeddable":true,"href":"https:\/\/dgospel.com.br\/portal\/index.php\/wp-json\/wp\/v2\/categories?post=7207"},{"taxonomy":"post_tag","embeddable":true,"href":"https:\/\/dgospel.com.br\/portal\/index.php\/wp-json\/wp\/v2\/tags?post=7207"}],"curies":[{"name":"wp","href":"https:\/\/api.w.org\/{rel}","templated":true}]}}