{"id":7210,"date":"2020-12-29T16:39:50","date_gmt":"2020-12-29T19:39:50","guid":{"rendered":"http:\/\/dgospel.com.br\/portal\/?p=7210"},"modified":"2020-12-29T16:39:52","modified_gmt":"2020-12-29T19:39:52","slug":"bolsonaro-apos-aval-da-anvisa-vacina-chega-ao-povo-em-5-dias","status":"publish","type":"post","link":"https:\/\/dgospel.com.br\/portal\/index.php\/2020\/12\/29\/bolsonaro-apos-aval-da-anvisa-vacina-chega-ao-povo-em-5-dias\/","title":{"rendered":"Bolsonaro: \u201cAp\u00f3s aval da Anvisa, vacina chega ao povo em 5 dias\u201d"},"content":{"rendered":"\n<p> Nesta segunda-feira (28), o presidente Jair Bolsonaro afirmou que, ap\u00f3s a Ag\u00eancia Nacional de Vigil\u00e2ncia Sanit\u00e1ria (Anvisa) certificar a\u00a0<a href=\"https:\/\/pleno.news\/tag\/vacina\">vacina<\/a>\u00a0contra a\u00a0<a href=\"https:\/\/pleno.news\/tag\/covid-19\">Covid-19<\/a>, a imuniza\u00e7\u00e3o chegar\u00e1 aos brasileiros \u201cem cinco dias\u201d. A declara\u00e7\u00e3o foi dada a jornalistas ap\u00f3s ele participar de um jogo beneficente em Santos (SP). <\/p>\n\n\n\n<p> De acordo com Bolsonaro, a vacina chegar\u00e1 de \u201cforma equ\u00e2nime\u201d para todo o pa\u00eds. <\/p>\n\n\n\n<p>\u2013 A Anvisa certificando, em cinco dias, tenho conversado com o [ministro da Sa\u00fade, Eduardo] Pazuello, a vacina chega para todos os brasileiros. Para todos, n\u00e3o\u2026 n\u00e3o tem como ter 100 milh\u00f5es de doses instantaneamente, mas vai ser distribu\u00edda de forma equ\u00e2nime para todos os estados do Brasil \u2013 explicou.<\/p>\n\n\n\n<p>O presidente tamb\u00e9m voltou a falar que \u00e9 contra a obrigatoriedade da vacina\u00e7\u00e3o e disse que n\u00e3o pode fazer uma campanha de imuniza\u00e7\u00e3o \u201csem mostrar\u201d os riscos. Ele tamb\u00e9m voltou a defender um \u201ctermo de responsabilidade\u201d para quem quiser se vacinar.<\/p>\n\n\n\n<p>\u2013 Eu n\u00e3o posso fazer uma campanha, falar [para algu\u00e9m] \u201ctome a vacina\u201d sem mostrar para ele os riscos [\u2026] E eu quero tamb\u00e9m, se for poss\u00edvel, o termo de responsabilidade \u2013 destacou.<\/p>\n","protected":false},"excerpt":{"rendered":"<p>Nesta segunda-feira (28), o presidente Jair Bolsonaro afirmou que, ap\u00f3s a Ag\u00eancia Nacional de Vigil\u00e2ncia Sanit\u00e1ria (Anvisa) certificar a\u00a0vacina\u00a0contra a\u00a0Covid-19, a imuniza\u00e7\u00e3o chegar\u00e1 aos brasileiros \u201cem cinco dias\u201d. A declara\u00e7\u00e3o foi dada a jornalistas ap\u00f3s ele participar de um jogo beneficente em Santos (SP). De acordo com Bolsonaro, a vacina chegar\u00e1 de \u201cforma equ\u00e2nime\u201d para [&hellip;]<\/p>\n","protected":false},"author":2,"featured_media":7211,"comment_status":"open","ping_status":"open","sticky":false,"template":"","format":"standard","meta":[],"categories":[4],"tags":[13,14],"_links":{"self":[{"href":"https:\/\/dgospel.com.br\/portal\/index.php\/wp-json\/wp\/v2\/posts\/7210"}],"collection":[{"href":"https:\/\/dgospel.com.br\/portal\/index.php\/wp-json\/wp\/v2\/posts"}],"about":[{"href":"https:\/\/dgospel.com.br\/portal\/index.php\/wp-json\/wp\/v2\/types\/post"}],"author":[{"embeddable":true,"href":"https:\/\/dgospel.com.br\/portal\/index.php\/wp-json\/wp\/v2\/users\/2"}],"replies":[{"embeddable":true,"href":"https:\/\/dgospel.com.br\/portal\/index.php\/wp-json\/wp\/v2\/comments?post=7210"}],"version-history":[{"count":1,"href":"https:\/\/dgospel.com.br\/portal\/index.php\/wp-json\/wp\/v2\/posts\/7210\/revisions"}],"predecessor-version":[{"id":7212,"href":"https:\/\/dgospel.com.br\/portal\/index.php\/wp-json\/wp\/v2\/posts\/7210\/revisions\/7212"}],"wp:featuredmedia":[{"embeddable":true,"href":"https:\/\/dgospel.com.br\/portal\/index.php\/wp-json\/wp\/v2\/media\/7211"}],"wp:attachment":[{"href":"https:\/\/dgospel.com.br\/portal\/index.php\/wp-json\/wp\/v2\/media?parent=7210"}],"wp:term":[{"taxonomy":"category","embeddable":true,"href":"https:\/\/dgospel.com.br\/portal\/index.php\/wp-json\/wp\/v2\/categories?post=7210"},{"taxonomy":"post_tag","embeddable":true,"href":"https:\/\/dgospel.com.br\/portal\/index.php\/wp-json\/wp\/v2\/tags?post=7210"}],"curies":[{"name":"wp","href":"https:\/\/api.w.org\/{rel}","templated":true}]}}