{"id":7219,"date":"2020-12-29T17:01:53","date_gmt":"2020-12-29T20:01:53","guid":{"rendered":"http:\/\/dgospel.com.br\/portal\/?p=7219"},"modified":"2020-12-29T17:01:55","modified_gmt":"2020-12-29T20:01:55","slug":"minha-vontade-de-servir-a-deus-esta-fervendo-diz-luciano-camargo-sobre-trabalho-gospel","status":"publish","type":"post","link":"https:\/\/dgospel.com.br\/portal\/index.php\/2020\/12\/29\/minha-vontade-de-servir-a-deus-esta-fervendo-diz-luciano-camargo-sobre-trabalho-gospel\/","title":{"rendered":"\u201cMinha vontade de servir a Deus est\u00e1 fervendo\u201d, diz Luciano Camargo sobre trabalho gospel"},"content":{"rendered":"\n<p>Duas semanas depois de perder o pai, o cantor&nbsp;<strong><a href=\"https:\/\/guiame.com.br\/musica\/nacional\/luciano-camargo-grava-album-gospel-apos-chamado-em-igreja-traduzo-meu-dom-em-louvores.html\">Luciano Camargo<\/a><\/strong>, que faz dupla com seu irm\u00e3o, Zez\u00e9 Di Camargo, deu sua primeira entrevista e falou sobre o luto, sua fam\u00edlia, o novo trabalho gospel e tamb\u00e9m sobre o especial de fim de ano que ele gravou especialmente para ser apresentado pela rede Record.<\/p>\n\n\n\n<p>Em uma entrevista concedida \u00e0 apresentadora Carolina Ferraz para o programa Domingo Espetacular, o cantor comentou o fato de n\u00e3o ter podido estar presente no vel\u00f3rio do pai, pois havia testado positivo para Covid-19 e estava em isolamento.<\/p>\n\n\n\n<p> \u201cEu n\u00e3o pude estar com a minha\u00a0<strong><a href=\"https:\/\/guiame.com.br\/gospel\/noticias\/filha-de-luciano-camargo-ora-durante-culto-na-igreja-e-emociona-o-cantor.html\">fam\u00edlia<\/a><\/strong>, n\u00e3o pude estar com o Zez\u00e9, com a minha m\u00e3e. Ent\u00e3o, aquele abra\u00e7o de conforto que voc\u00ea d\u00e1 nas pessoas quando elas perdem algu\u00e9m, quando est\u00e3o passando por uma dificuldade, por um momento triste, eu n\u00e3o pude dar e tamb\u00e9m n\u00e3o pude receber, porque eu estava isolado\u201d, explicou Luciano. <\/p>\n\n\n\n<p><strong>Projeto solo no gospel<\/strong><\/p>\n\n\n\n<p>Ao falar sobre sua atua\u00e7\u00e3o na m\u00fasica gospel, Luciano refor\u00e7ou que n\u00e3o deixar\u00e1 a dupla que faz com o irm\u00e3o.<\/p>\n\n\n\n<p>\u201cGosto sempre de frisar que \u00e9 um momento meu, pessoal, paralelo ao Zez\u00e9 Di Camargo e Luciano\u201d, afirmou. \u201cVou cantar com o meu irm\u00e3o por toda a minha. Isso \u00e9 uma certeza que Deus me deu\u201d.<\/p>\n\n\n\n<p>O cantor tamb\u00e9m destacou como os planos para chegar ao lan\u00e7amento do \u00e1lbum gospel &#8220;A Ti Entrego&#8221;&nbsp;foram evoluindo.<\/p>\n\n\n\n<p>\u201cConfesso que eu assustei no come\u00e7o. Depois eu entendi que j\u00e1 era grande em mim, na ess\u00eancia, mas Deus queria que fosse grande tamb\u00e9m\u201d, disse ele sobre o trabalho que ser\u00e1 apresentado como um especial de fim de ano na rede Record, no pr\u00f3ximo dia 12 de dezembro.<\/p>\n\n\n\n<figure><iframe loading=\"lazy\" src=\"https:\/\/player.r7.com\/video\/i\/5fcd6686416eb97306000bd6\" width=\"640\" height=\"360\" allowfullscreen=\"\"><\/iframe><\/figure>\n\n\n\n<p><strong>Satisfa\u00e7\u00e3o em fam\u00edlia<\/strong><\/p>\n\n\n\n<p>Luciano voltou a destacar o quanto o lan\u00e7amento desse trabalho significa a realiza\u00e7\u00e3o de um sonho, n\u00e3o apenas dele, mas tamb\u00e9m de sua m\u00e3e.<\/p>\n\n\n\n<p>\u201cEu estava na fazenda, passando f\u00e9rias e estava cantando com minha irm\u00e3, Marlene. Ela [minha m\u00e3e] chegou, ouvindo a gente cantar louvores e pediu para que eu fizesse um CD s\u00f3 de louvores\u201d, contou. \u201cE estou eu aqui, ap\u00f3s 20 anos, atendendo a um pedido da minha m\u00e3e\u201d.<\/p>\n\n\n\n<p>Segundo Luciano, seu pai chegou a ouvir a m\u00fasica-tema de seu novo CD, antes de falecer.<\/p>\n\n\n\n<p>\u201cJ\u00e1 fazia um tempo que ele [meu pai] estava hospitalizado e n\u00f3s colocamos uma TV dentro do quarto dele. Gra\u00e7as a Deus, ele ouviu a m\u00fasica e viu o clipe. Isso \u00e9 o que me deixa mais aliviado\u201d, revelou.<br><br><strong>Prop\u00f3sito<\/strong><\/p>\n\n\n\n<p>O cantor lembrou que tal projeto n\u00e3o tem como objetivo o alcance de fama ou sucesso, mas sim agradar a Deus, acima de tudo.<\/p>\n\n\n\n<p>\u201cEu n\u00e3o procuro sucesso com esse projeto. Eu nem chamo esse projeto de trabalho, porque n\u00e3o \u00e9 trabalho. Meu trabalho \u00e9 Zez\u00e9 Di Camargo e Luciano. Mas voc\u00ea ter um especial de um projeto t\u00e3o pessoal \u00e9 um presente direto de Deus\u201d, explicou<\/p>\n\n\n\n<p>\u201cEu n\u00e3o sei se est\u00e1 agradando a todo mundo, mas a Deus eu tenho certeza que est\u00e1 agradando e isso o principal\u201d, acrescentou.<\/p>\n\n\n\n<p><strong>Testemunho<\/strong><\/p>\n\n\n\n<p>Durante a entrevista, Luciano comentou sobre seu relacionamento com Deus e sua busca por Ele, junto \u00e0 sua esposa.<\/p>\n\n\n\n<p>\u201cMinha rela\u00e7\u00e3o com Deus come\u00e7ou h\u00e1 17 anos, quando eu casei com a minha mulher, porque antes eu n\u00e3o tinha f\u00e9. Eu acreditava em Deus, em Jesus, mas n\u00e3o tinha essa rela\u00e7\u00e3o de f\u00e9 com Deus. Hoje eu falo isso, hoje a minha f\u00e9, a minha vontade de servir a Deus est\u00e1 fervendo, est\u00e1 tomando tudo dentro de mim\u201d, destacou.<\/p>\n\n\n\n<p>O cantor aproveitou para deixar um pedido \u00e0s pessoas que assistiram \u00e0 entrevista, expressando seu desejo de que elas busquem mais a Deus.<\/p>\n\n\n\n<p>\u201cO que eu pe\u00e7o, o que eu desejo para as pessoas \u00e9 que elas busquem realmente essa conex\u00e3o com Deus, porque atrav\u00e9s dessa conex\u00e3o voc\u00ea vai realmente vai ter paz, que \u00e9 o que a gente sempre deseja\u201d, lembrou.<\/p>\n\n\n\n<p>\n\nFONTE: GUIAME, COM INFORMA\u00c7\u00d5ES DO R7\n\n<\/p>\n","protected":false},"excerpt":{"rendered":"<p>Duas semanas depois de perder o pai, o cantor&nbsp;Luciano Camargo, que faz dupla com seu irm\u00e3o, Zez\u00e9 Di Camargo, deu sua primeira entrevista e falou sobre o luto, sua fam\u00edlia, o novo trabalho gospel e tamb\u00e9m sobre o especial de fim de ano que ele gravou especialmente para ser apresentado pela rede Record. Em uma [&hellip;]<\/p>\n","protected":false},"author":2,"featured_media":7220,"comment_status":"open","ping_status":"open","sticky":false,"template":"","format":"standard","meta":[],"categories":[17,5],"tags":[],"_links":{"self":[{"href":"https:\/\/dgospel.com.br\/portal\/index.php\/wp-json\/wp\/v2\/posts\/7219"}],"collection":[{"href":"https:\/\/dgospel.com.br\/portal\/index.php\/wp-json\/wp\/v2\/posts"}],"about":[{"href":"https:\/\/dgospel.com.br\/portal\/index.php\/wp-json\/wp\/v2\/types\/post"}],"author":[{"embeddable":true,"href":"https:\/\/dgospel.com.br\/portal\/index.php\/wp-json\/wp\/v2\/users\/2"}],"replies":[{"embeddable":true,"href":"https:\/\/dgospel.com.br\/portal\/index.php\/wp-json\/wp\/v2\/comments?post=7219"}],"version-history":[{"count":1,"href":"https:\/\/dgospel.com.br\/portal\/index.php\/wp-json\/wp\/v2\/posts\/7219\/revisions"}],"predecessor-version":[{"id":7221,"href":"https:\/\/dgospel.com.br\/portal\/index.php\/wp-json\/wp\/v2\/posts\/7219\/revisions\/7221"}],"wp:featuredmedia":[{"embeddable":true,"href":"https:\/\/dgospel.com.br\/portal\/index.php\/wp-json\/wp\/v2\/media\/7220"}],"wp:attachment":[{"href":"https:\/\/dgospel.com.br\/portal\/index.php\/wp-json\/wp\/v2\/media?parent=7219"}],"wp:term":[{"taxonomy":"category","embeddable":true,"href":"https:\/\/dgospel.com.br\/portal\/index.php\/wp-json\/wp\/v2\/categories?post=7219"},{"taxonomy":"post_tag","embeddable":true,"href":"https:\/\/dgospel.com.br\/portal\/index.php\/wp-json\/wp\/v2\/tags?post=7219"}],"curies":[{"name":"wp","href":"https:\/\/api.w.org\/{rel}","templated":true}]}}