{"id":722,"date":"2018-07-09T09:48:06","date_gmt":"2018-07-09T12:48:06","guid":{"rendered":"http:\/\/dgospel.com.br\/portal\/?p=722"},"modified":"2018-07-09T09:48:06","modified_gmt":"2018-07-09T12:48:06","slug":"mauro-carlesse-e-wanderlei-barbosa-sao-diplomados-pelo-tre-como-governador-e-vice-governador-do-tocantins","status":"publish","type":"post","link":"https:\/\/dgospel.com.br\/portal\/index.php\/2018\/07\/09\/mauro-carlesse-e-wanderlei-barbosa-sao-diplomados-pelo-tre-como-governador-e-vice-governador-do-tocantins\/","title":{"rendered":"Mauro Carlesse e Wanderlei Barbosa s\u00e3o diplomados pelo TRE como governador e vice-governador do Tocantins"},"content":{"rendered":"<p>Mauro Carlesse (PHS) e Wanderlei Barbosa foram diplomados pelo Tribunal Regional Eleitoral (TRE) na manh\u00e3 desta segunda-feira (9) como governador e vice-governador do Tocantins. A\u00a0<a href=\"https:\/\/g1.globo.com\/to\/tocantins\/eleicao-suplementar\/2018\/noticia\/mauro-carlesse-e-eleito-governador-do-tocantins-para-o-mandato-tampao.ghtml\">chapa foi eleita no segundo turno da Elei\u00e7\u00e3o Suplementar com 75,14%.<\/a>\u00a0O mandato-tamp\u00e3o vai at\u00e9 31 de dezembro.<\/p>\n<p>A elei\u00e7\u00e3o suplementar foi convocada ap\u00f3s a cassa\u00e7\u00e3o do ex-governador Marcelo Miranda (MDB) e da vice dele, Cl\u00e1udia Lelis (PV). Os dois foram considerados culpados por\u00a0<a href=\"https:\/\/g1.globo.com\/to\/tocantins\/noticia\/governador-do-tocantins-tem-mandato-cassado-por-caixa-dois-nas-eleicoes-de-2014.ghtml\">capta\u00e7\u00e3o ilegal de recursos para a campanha eleitoral de 2014<\/a>\u00a0pelo Tribunal Superior Eleitoral.<\/p>\n<p>Carlesse e Wanderlei Barbosa foram diplomados pelo presidente TRE, o desembargador Marco Villas Boas.<\/p>\n<p>Depois de receberem o diploma, que atesta o resultado da elei\u00e7\u00e3o, os dois seguem para a Assembleia Legislativa para tomarem posse nos respectivos cargos. A sess\u00e3o est\u00e1 marcada para 10h.<\/p>\n<p>A elei\u00e7\u00e3o<\/p>\n<p>Mauro Carlesse foi escolhido para comandar o Tocantins no segundo turno da Elei\u00e7\u00e3o Suplementar, no dia 24 de junho. Ele teve 75,14% dos votos v\u00e1lidos contra 24,86% do senador Vicentinho Alves (PR).<\/p>\n<p>O pleito foi marcado pelos enormes \u00edndices de absten\u00e7\u00e3o. Os votos brancos e nulos e os eleitores que nem compareceram para votar somaram 51,83% do total. Mais de 527 mil pessoas n\u00e3o optaram por nenhum dos candidatos. O \u00edndice \u00e9 recorde na hist\u00f3ria das elei\u00e7\u00f5es no estado.<\/p>\n<p>Fonte:\u00a0G1 Tocantins<\/p>\n","protected":false},"excerpt":{"rendered":"<p>Mauro Carlesse (PHS) e Wanderlei Barbosa foram diplomados pelo Tribunal Regional Eleitoral (TRE) na manh\u00e3 desta segunda-feira (9) como governador e vice-governador do Tocantins. A\u00a0chapa foi eleita no segundo turno da Elei\u00e7\u00e3o Suplementar com 75,14%.\u00a0O mandato-tamp\u00e3o vai at\u00e9 31 de dezembro. A elei\u00e7\u00e3o suplementar foi convocada ap\u00f3s a cassa\u00e7\u00e3o do ex-governador Marcelo Miranda (MDB) e [&hellip;]<\/p>\n","protected":false},"author":2,"featured_media":723,"comment_status":"open","ping_status":"open","sticky":false,"template":"","format":"standard","meta":[],"categories":[2,3,4],"tags":[],"_links":{"self":[{"href":"https:\/\/dgospel.com.br\/portal\/index.php\/wp-json\/wp\/v2\/posts\/722"}],"collection":[{"href":"https:\/\/dgospel.com.br\/portal\/index.php\/wp-json\/wp\/v2\/posts"}],"about":[{"href":"https:\/\/dgospel.com.br\/portal\/index.php\/wp-json\/wp\/v2\/types\/post"}],"author":[{"embeddable":true,"href":"https:\/\/dgospel.com.br\/portal\/index.php\/wp-json\/wp\/v2\/users\/2"}],"replies":[{"embeddable":true,"href":"https:\/\/dgospel.com.br\/portal\/index.php\/wp-json\/wp\/v2\/comments?post=722"}],"version-history":[{"count":1,"href":"https:\/\/dgospel.com.br\/portal\/index.php\/wp-json\/wp\/v2\/posts\/722\/revisions"}],"predecessor-version":[{"id":724,"href":"https:\/\/dgospel.com.br\/portal\/index.php\/wp-json\/wp\/v2\/posts\/722\/revisions\/724"}],"wp:featuredmedia":[{"embeddable":true,"href":"https:\/\/dgospel.com.br\/portal\/index.php\/wp-json\/wp\/v2\/media\/723"}],"wp:attachment":[{"href":"https:\/\/dgospel.com.br\/portal\/index.php\/wp-json\/wp\/v2\/media?parent=722"}],"wp:term":[{"taxonomy":"category","embeddable":true,"href":"https:\/\/dgospel.com.br\/portal\/index.php\/wp-json\/wp\/v2\/categories?post=722"},{"taxonomy":"post_tag","embeddable":true,"href":"https:\/\/dgospel.com.br\/portal\/index.php\/wp-json\/wp\/v2\/tags?post=722"}],"curies":[{"name":"wp","href":"https:\/\/api.w.org\/{rel}","templated":true}]}}