{"id":7226,"date":"2021-01-02T09:55:51","date_gmt":"2021-01-02T12:55:51","guid":{"rendered":"http:\/\/dgospel.com.br\/portal\/?p=7226"},"modified":"2021-01-02T09:55:53","modified_gmt":"2021-01-02T12:55:53","slug":"em-cerimonia-de-posse-prefeita-cinthia-ribeiro-reafirma-compromissos-para-novo-mandato","status":"publish","type":"post","link":"https:\/\/dgospel.com.br\/portal\/index.php\/2021\/01\/02\/em-cerimonia-de-posse-prefeita-cinthia-ribeiro-reafirma-compromissos-para-novo-mandato\/","title":{"rendered":"Em cerim\u00f4nia de posse, prefeita Cinthia Ribeiro reafirma compromissos para novo mandato"},"content":{"rendered":"\n<p>Reeleita para o segundo mandato no comando da Capital do Tocantins, a prefeita de Palmas, Cinthia Ribeiro (PSDB), reafirmou seu compromisso com a cidade e com os palmenses, em seu pronunciamento de posse na Sess\u00e3o Solene da C\u00e2mara de Vereadores, realizada no final da tarde desta sexta-feira, 1\u00ba de janeiro. A cerim\u00f4nia foi conduzida pela nova Mesa Diretora da C\u00e2mara, eleita logo ap\u00f3s a posse dos 19 vereadores que comp\u00f5em o Legislativo para o quadri\u00eanio 2021-2024. O vice-prefeito de Palmas, Andr\u00e9 Gomes (Avante), tomou posse no cargo ao lado de Cinthia. A cerim\u00f4nia foi restrita a poucos convidados, familiares dos empossados e algumas autoridades, e teve transmiss\u00e3o ao vivo pelo canal da C\u00e2mara no YouTube.&nbsp;&nbsp;<\/p>\n\n\n\n<p>Ap\u00f3s receber a faixa de prefeita das m\u00e3os do filho, Jo\u00e3o Ant\u00f4nio, Cinthia Ribeiro, reeleita com mais de 46 mil votos, usou a tribuna para fazer o pronunciamento de posse. A prefeita garantiu que o momento \u00e9 de reafirma\u00e7\u00e3o de compromissos. \u201cN\u00e3o ser\u00e1 apenas um ano novo. Ser\u00e1 um mundo novo. Uma cidade totalmente nova, remodelada por uma pandemia de propor\u00e7\u00f5es b\u00edblicas, que ainda insiste em nos tirar do rumo e emba\u00e7ar o nosso foco. Uma cidade nova, que vai nos exigir um novo modelo de gest\u00e3o, diferente de tudo que j\u00e1 conhec\u00edamos. Por isso, ser\u00e1 primordial que estejamos prontos e atentos para ouvir este novo cidad\u00e3o, que est\u00e1 emergindo desta crise comportamental, com novos h\u00e1bitos, novas preocupa\u00e7\u00f5es, novas demandas e novas prioridades\u201d, destacou a prefeita ao se referir \u00e0s mudan\u00e7as provocadas pela pandemia do novo coronav\u00edrus (Covid-19).&nbsp;<\/p>\n\n\n\n<p>Nesse contexto, a prefeita Cinthia vem enfrentando com medidas assertivas o maior desafio da hist\u00f3ria recente da humanidade, a pandemia do novo coronav\u00edrus. Atuando de forma firme na ado\u00e7\u00e3o de medidas restritivas, mobilizou toda a estrutura administrativa antes mesmo da confirma\u00e7\u00e3o do primeiro caso de transmiss\u00e3o em Palmas. Dessa forma, evitou a sobrecarga abrupta no sistema p\u00fablico municipal de sa\u00fade e ganhou tempo para refor\u00e7ar a capacidade de atendimento \u00e0 popula\u00e7\u00e3o.&nbsp;<\/p>\n\n\n\n<p>Paralelamente aos volumosos investimentos para estruturar a rede municipal de Sa\u00fade frente \u00e0s exig\u00eancias da pandemia, a prefeita Cinthia abriu outras frentes para minimizar os efeitos danosos da pandemia na educa\u00e7\u00e3o, na economia, no social e em diversos outros setores.&nbsp;<\/p>\n\n\n\n<p>\u201cViveremos, portanto, dois momentos bem distintos neste segundo mandato, pois o per\u00edodo pr\u00e9-vacina e p\u00f3s-vacina ir\u00e1 exigir duas gest\u00f5es, mas com um s\u00f3 ritmo. J\u00e1 comprovamos que a pandemia pode mudar h\u00e1bitos do cidad\u00e3o, mas n\u00e3o muda a capacidade da Prefeitura de realizar e construir. Foi assim em 2020, quando enfrentamos a burocracia, a pandemia, as elei\u00e7\u00f5es e chuvas para tocar um canteiro de obras gigantesco, capaz, inclusive, de amenizar os efeitos da pandemia na nossa economia\u201d, ressaltou a prefeita em seu discurso de posse.&nbsp;<\/p>\n\n\n\n<p>Cinthia Ribeiro convocou a sociedade para refletir sobre o papel de cada segmento na constru\u00e7\u00e3o do futuro da cidade. \u201cQual ser\u00e1 o nosso papel nesta nova cidade? Do cidad\u00e3o, do vereador, do l\u00edder de bairro, da imprensa, dos \u00f3rg\u00e3os de controle, dos empres\u00e1rios? Cobrar, criticar, fiscalizar e elogiar? Ou tamb\u00e9m participar, contribuir, se doar, ajudar a mobilizar, proteger, ensinar&#8230; plantar sementes e mudas?\u201d&nbsp;<\/p>\n\n\n\n<p>A gestora destacou a import\u00e2ncia da parceria dos entes p\u00fablicos e sociedade em favor do bem comum. \u201cN\u00e3o podemos deixar que interesses pol\u00edticos prejudiquem investimentos na cidade, que n\u00e3o pode mais se isolar como antes, dos governos do Estado e Federal. Devemos nos aproximar mais dos movimentos sociais. N\u00e3o podemos tamb\u00e9m estar t\u00e3o distantes dos demais munic\u00edpios tocantinenses.\u201d&nbsp;<\/p>\n\n\n\n<p>A prefeita falou tamb\u00e9m do prop\u00f3sito de que Palmas seja, de fato, a Capital de todos os tocantinenses. \u201cEu j\u00e1 me apresentei como a prefeita de todos os palmenses e provei isso na pr\u00e1tica, governando para todos. Agora quero lhes apresentar a Capital de todos os tocantinenses. A cidade que vai inspirar as demais para um novo modelo de desenvolvimento, assim como idealizou Siqueira Campos, que optou por construir uma capital \u00e0 margem direita do Rio Tocantins, para que ela pudesse irradiar progresso para todo o Estado.\u201d&nbsp;<\/p>\n\n\n\n<p>E foi com uma mensagem de otimismo e esperan\u00e7a que Cinthia Ribeiro encerrou seu pronunciamento de posse. \u201cEstou cheia de esperan\u00e7as. Nunca me senti t\u00e3o animada em toda a minha vida. Espero, sinceramente, poder transmitir um pouco desta energia a todos, na condi\u00e7\u00e3o de l\u00edder desta cidade. A Capital de todos os tocantinenses est\u00e1 renascendo em nossos cora\u00e7\u00f5es.\u201d&nbsp;<\/p>\n\n\n\n<p>Leia&nbsp;<a rel=\"noreferrer noopener\" target=\"_blank\" href=\"https:\/\/www.palmas.to.gov.br\/media\/orgao\/documentos\/Pronunciamento.pdf\">aqui<\/a>&nbsp;o pronunciamento completo da posse da prefeita Cinthia Ribeiro para o mandato 2021-2024.&nbsp;<\/p>\n\n\n\n<p><strong>Perfil da gestora&nbsp;<\/strong><\/p>\n\n\n\n<p>Primeira prefeita reeleita da hist\u00f3ria de Palmas e a \u00fanica mulher escolhida nestas elei\u00e7\u00f5es para comandar uma capital brasileira, Cinthia Alves Caetano Ribeiro tem 44 anos, \u00e9 vi\u00fava do senador Jo\u00e3o Ribeiro e m\u00e3e de Jo\u00e3o Ant\u00f4nio, de 13 anos. Eleita vice-prefeita em 2016, assumiu o cargo de prefeita em abril de 2018, ap\u00f3s a ren\u00fancia do ent\u00e3o gestor municipal. \u00c9 filiada ao PSDB, primeiro e \u00fanico partido ao qual se associou desde que ingressou na pol\u00edtica.&nbsp;<\/p>\n\n\n\n<p>Natural de An\u00e1polis (GO), Cinthia chegou a cursar Engenharia Civil, mas se mudou para Bras\u00edlia e formou-se em Fonoaudiologia. Foi no Congresso Nacional, onde trabalhou, que conheceu o saudoso senador Jo\u00e3o Ribeiro, com quem se casou e teve o filho Jo\u00e3o Ant\u00f4nio. Ao lado do marido nas articula\u00e7\u00f5es pol\u00edticas e nas interlocu\u00e7\u00f5es com lideran\u00e7as tocantinense, Cinthia aprendeu a fazer a pol\u00edtica da concilia\u00e7\u00e3o e do bem comum.<\/p>\n","protected":false},"excerpt":{"rendered":"<p>Reeleita para o segundo mandato no comando da Capital do Tocantins, a prefeita de Palmas, Cinthia Ribeiro (PSDB), reafirmou seu compromisso com a cidade e com os palmenses, em seu pronunciamento de posse na Sess\u00e3o Solene da C\u00e2mara de Vereadores, realizada no final da tarde desta sexta-feira, 1\u00ba de janeiro. A cerim\u00f4nia foi conduzida pela [&hellip;]<\/p>\n","protected":false},"author":2,"featured_media":7227,"comment_status":"open","ping_status":"open","sticky":false,"template":"","format":"standard","meta":[],"categories":[4],"tags":[13],"_links":{"self":[{"href":"https:\/\/dgospel.com.br\/portal\/index.php\/wp-json\/wp\/v2\/posts\/7226"}],"collection":[{"href":"https:\/\/dgospel.com.br\/portal\/index.php\/wp-json\/wp\/v2\/posts"}],"about":[{"href":"https:\/\/dgospel.com.br\/portal\/index.php\/wp-json\/wp\/v2\/types\/post"}],"author":[{"embeddable":true,"href":"https:\/\/dgospel.com.br\/portal\/index.php\/wp-json\/wp\/v2\/users\/2"}],"replies":[{"embeddable":true,"href":"https:\/\/dgospel.com.br\/portal\/index.php\/wp-json\/wp\/v2\/comments?post=7226"}],"version-history":[{"count":1,"href":"https:\/\/dgospel.com.br\/portal\/index.php\/wp-json\/wp\/v2\/posts\/7226\/revisions"}],"predecessor-version":[{"id":7228,"href":"https:\/\/dgospel.com.br\/portal\/index.php\/wp-json\/wp\/v2\/posts\/7226\/revisions\/7228"}],"wp:featuredmedia":[{"embeddable":true,"href":"https:\/\/dgospel.com.br\/portal\/index.php\/wp-json\/wp\/v2\/media\/7227"}],"wp:attachment":[{"href":"https:\/\/dgospel.com.br\/portal\/index.php\/wp-json\/wp\/v2\/media?parent=7226"}],"wp:term":[{"taxonomy":"category","embeddable":true,"href":"https:\/\/dgospel.com.br\/portal\/index.php\/wp-json\/wp\/v2\/categories?post=7226"},{"taxonomy":"post_tag","embeddable":true,"href":"https:\/\/dgospel.com.br\/portal\/index.php\/wp-json\/wp\/v2\/tags?post=7226"}],"curies":[{"name":"wp","href":"https:\/\/api.w.org\/{rel}","templated":true}]}}