{"id":7232,"date":"2021-01-04T17:49:39","date_gmt":"2021-01-04T20:49:39","guid":{"rendered":"http:\/\/dgospel.com.br\/portal\/?p=7232"},"modified":"2021-01-04T17:49:41","modified_gmt":"2021-01-04T20:49:41","slug":"carlesse-prestigia-posse-de-josi-nunes-e-reafirma-compromisso-de-parcerias","status":"publish","type":"post","link":"https:\/\/dgospel.com.br\/portal\/index.php\/2021\/01\/04\/carlesse-prestigia-posse-de-josi-nunes-e-reafirma-compromisso-de-parcerias\/","title":{"rendered":"Carlesse prestigia posse de Josi Nunes e reafirma compromisso de parcerias"},"content":{"rendered":"\n<p>O governador do Estado do Tocantins, Mauro Carlesse, prestigiou na noite desta sexta-feira, 1\u00ba de janeiro, a posse de Josi Nunes na Prefeitura de Gurupi&nbsp;e do vice Gleidson Nato, al\u00e9m dos 15 vereadores eleitos no \u00faltimo pleito de novembro. O evento foi realizado no Palacius Real Eventos e seguiu todos os protocolos sanit\u00e1rios exigidos para evitar o cont\u00e1gio pelo novo Coronav\u00edrus.&nbsp;<\/p>\n\n\n\n<p>Mauro Carlesse fez quest\u00e3o de destacar que Josi Nunes representa a renova\u00e7\u00e3o e que a mudan\u00e7a ser\u00e1 para melhor, o que pode refletir em toda a regi\u00e3o sul. &#8220;Gurupi crescendo e desenvolvendo cada vez mais, ajuda o sul do Estado e ajuda o Tocantins. Tenho certeza de que, em um curto espa\u00e7o de tempo, o povo vai sentir a diferen\u00e7a de uma administra\u00e7\u00e3o voltada para a popula\u00e7\u00e3o.&nbsp;<\/p>\n\n\n\n<p><strong>Car\u00e1ter&nbsp;municipalista<\/strong><\/p>\n\n\n\n<p>Na oportunidade, o governador reafirmou o car\u00e1ter municipalista da sua gest\u00e3o, sem distin\u00e7\u00e3o de cor partid\u00e1ria, conclamando os prefeitos a apresentarem bons projetos para as parcerias importantes aos seus respectivos munic\u00edpios. &#8220;Sou um governador municipalista e sempre falo aos prefeitos que apresentem os projetos para que se possa estabelecer parcerias. Temos que olhar para os grandes projetos, implant\u00e1-los e atender a popula\u00e7\u00e3o&#8221;, ressaltou, citando a&nbsp;conclus\u00e3o do Hospital Geral de Gurupi, a libera\u00e7\u00e3o de recursos para estruturar o projeto Rio Formoso, o frigor\u00edfico integrado para aves, peixes e su\u00ednos, com recursos avaliados em R$ 400 milh\u00f5es, por meio do Banco Mundial, a ser implantado no Parque Industrial de Gurupi.<\/p>\n\n\n\n<p>Na condi\u00e7\u00e3o de prefeita, Josi Nunes agradeceu pelo apoio do governador, que segundo disse, foi um grande incentivador&nbsp;desse projeto para Gurupi e falou da determina\u00e7\u00e3o dela e&nbsp;do seu vice em buscar solu\u00e7\u00e3o para os desafios de responder \u00e0s demandas da cidade. &#8220;Agora, \u00e9 a hora de concretizar sonhos e projetos para atender os compromissos assumidos com a comunidade. Vamos aliar desenvolvimento econ\u00f4mico com desenvolvimento social&#8221;, pontuou ela, ressaltando as parcerias que pretende estabelecer ao longo do mandato com o Governo do Estado, deputados estaduais, com a bancada tocantinense no Congresso e a pr\u00f3pria sociedade. &#8220;Vamos ouvir a popula\u00e7\u00e3o para priorizar as nossas a\u00e7\u00f5es e realizarmos uma administra\u00e7\u00e3o arrojada&#8221;, frisou.<\/p>\n\n\n\n<p><strong>Elei\u00e7\u00e3o<\/strong><\/p>\n\n\n\n<p>Josi Nunes foi eleita com 51,05% dos votos, totalizando 20.116 votos e \u00e9 a primeira mulher eleita prefeita do munic\u00edpio. Josi \u00e9 filha do ex-prefeito de Gurupi, Jacinto Nunes da Silva, que administrou a cidade no per\u00edodo de 1983 a 1988; e de&nbsp;Dolores Nunes, que j\u00e1 foi deputada federal e estadual pelo Tocantins e vice-prefeita na administra\u00e7\u00e3o que se encerrou.<\/p>\n\n\n\n<p><strong>Perfil<\/strong><\/p>\n\n\n\n<p>Formada em Psicologia pela Universidade Cat\u00f3lica de Goi\u00e1s, com mestrado em Ci\u00eancias Gerenciais, pela Universidade e Mar\u00edlia-SP, Josi Nunes \u00e9 professora concursada da Universidade Unirg, que foi criada como Faculdade de Filosofia e Ci\u00eancias Humanas (Fafich) de Gurupi em 1985, pelo seu pai, quando prefeito. Josi Nunes j\u00e1 foi deputada estadual por quatro mandatos, de 1998 a 2014, e deputada federal. At\u00e9 ser eleita, estava exercendo a atividade de professora. \u201cN\u00f3s vamos fazer a diferen\u00e7a e deixar uma marca hist\u00f3rica na cidade de Gurupi\u201d, declarou a ent\u00e3o professora, agora prefeita.<\/p>\n\n\n\n<p><strong>Presen\u00e7as<\/strong><\/p>\n\n\n\n<p>Tamb\u00e9m compareceram \u00e0 solenidade os secret\u00e1rios de Estado da Comunica\u00e7\u00e3o, \u00c9lcio Mendes; da Educa\u00e7\u00e3o, Juventude e Esportes, Adriana Aguiar; do Trabalho e Desenvolvimento Social, Jos\u00e9 Messias; Extraordin\u00e1ria de Assuntos Parlamentares, Jos\u00e9 Humberto; e o presidente da Ag\u00eancia Tocantinense de Saneamento, Davi Gouveia Filho; al\u00e9m de deputados e outras autoridades.<\/p>\n","protected":false},"excerpt":{"rendered":"<p>O governador do Estado do Tocantins, Mauro Carlesse, prestigiou na noite desta sexta-feira, 1\u00ba de janeiro, a posse de Josi Nunes na Prefeitura de Gurupi&nbsp;e do vice Gleidson Nato, al\u00e9m dos 15 vereadores eleitos no \u00faltimo pleito de novembro. O evento foi realizado no Palacius Real Eventos e seguiu todos os protocolos sanit\u00e1rios exigidos para [&hellip;]<\/p>\n","protected":false},"author":2,"featured_media":7233,"comment_status":"open","ping_status":"open","sticky":false,"template":"","format":"standard","meta":[],"categories":[4],"tags":[13],"_links":{"self":[{"href":"https:\/\/dgospel.com.br\/portal\/index.php\/wp-json\/wp\/v2\/posts\/7232"}],"collection":[{"href":"https:\/\/dgospel.com.br\/portal\/index.php\/wp-json\/wp\/v2\/posts"}],"about":[{"href":"https:\/\/dgospel.com.br\/portal\/index.php\/wp-json\/wp\/v2\/types\/post"}],"author":[{"embeddable":true,"href":"https:\/\/dgospel.com.br\/portal\/index.php\/wp-json\/wp\/v2\/users\/2"}],"replies":[{"embeddable":true,"href":"https:\/\/dgospel.com.br\/portal\/index.php\/wp-json\/wp\/v2\/comments?post=7232"}],"version-history":[{"count":1,"href":"https:\/\/dgospel.com.br\/portal\/index.php\/wp-json\/wp\/v2\/posts\/7232\/revisions"}],"predecessor-version":[{"id":7234,"href":"https:\/\/dgospel.com.br\/portal\/index.php\/wp-json\/wp\/v2\/posts\/7232\/revisions\/7234"}],"wp:featuredmedia":[{"embeddable":true,"href":"https:\/\/dgospel.com.br\/portal\/index.php\/wp-json\/wp\/v2\/media\/7233"}],"wp:attachment":[{"href":"https:\/\/dgospel.com.br\/portal\/index.php\/wp-json\/wp\/v2\/media?parent=7232"}],"wp:term":[{"taxonomy":"category","embeddable":true,"href":"https:\/\/dgospel.com.br\/portal\/index.php\/wp-json\/wp\/v2\/categories?post=7232"},{"taxonomy":"post_tag","embeddable":true,"href":"https:\/\/dgospel.com.br\/portal\/index.php\/wp-json\/wp\/v2\/tags?post=7232"}],"curies":[{"name":"wp","href":"https:\/\/api.w.org\/{rel}","templated":true}]}}