{"id":7235,"date":"2021-01-04T17:53:50","date_gmt":"2021-01-04T20:53:50","guid":{"rendered":"http:\/\/dgospel.com.br\/portal\/?p=7235"},"modified":"2021-01-04T17:53:51","modified_gmt":"2021-01-04T20:53:51","slug":"vice-governador-wanderlei-barbosa-marca-presenca-na-posse-de-prefeitos-eleitos-em-tocantinopolis-e-araguatins","status":"publish","type":"post","link":"https:\/\/dgospel.com.br\/portal\/index.php\/2021\/01\/04\/vice-governador-wanderlei-barbosa-marca-presenca-na-posse-de-prefeitos-eleitos-em-tocantinopolis-e-araguatins\/","title":{"rendered":"Vice-governador Wanderlei Barbosa marca presen\u00e7a na posse de prefeitos eleitos em Tocantin\u00f3polis e Araguatins"},"content":{"rendered":"\n<p>O vice-governador do Estado do Tocantins, Wanderlei Barbosa, esteve presente na sexta-feira, 1\u00b0&nbsp;de janeiro de 2021, na solenidade de posse dos prefeitos eleitos nos munic\u00edpios de Tocantin\u00f3polis e Araguatins, na regi\u00e3o do Bico do Papagaio.<\/p>\n\n\n\n<p>A agenda oficial na regi\u00e3o norte do Estado teve in\u00edcio \u00e0s 17 horas em Tocantin\u00f3polis, onde o Vice-governador participou da posse do prefeito Paulo Gomes de Souza; da vice-prefeita&nbsp;Eleny Ara\u00fajo Pinho da Silva e mais 11 vereadores eleitos no dia 15 de novembro de 2020.<\/p>\n\n\n\n<p>A solenidade ocorreu no plen\u00e1rio da C\u00e2mara Municipal de Tocantin\u00f3polis. Em seu pronunciamento, Wanderlei Barbosa destacou o compromisso da gest\u00e3o estadual em apoio ao munic\u00edpio.<\/p>\n\n\n\n<p>&#8220;Quero reafirmar o compromisso do Governo do Tocantins com a cidade de Tocantin\u00f3polis. N\u00f3s confiamos no trabalho do prefeito Paulinho. Precisamos melhorar a vida das pessoas dessa cidade, melhorando o transporte escolar, a educa\u00e7\u00e3o e a vida dos nossos estudantes. A pandemia que nos assola tamb\u00e9m nos preocupa, mas hoje j\u00e1 nos acostumamos a lidar com ela e quero dizer, ao Paulinho, que temos que nos adequar a cada momento de nossas vidas, e ele como prefeito, tem que orientar sua comunidade para n\u00e3o perdermos mais vidas. Destaco que essa boa conviv\u00eancia \u00e9 a que n\u00f3s queremos estabelecer, nosso governador Carlesse sempre pregou a gest\u00e3o municipalista e vamos trazer nossas parcerias e aumentar a rela\u00e7\u00e3o com o munic\u00edpio de Tocantin\u00f3polis&#8221;, destacou o Vice-governador.<\/p>\n\n\n\n<p>O prefeito Paulo Gomes informou que dar\u00e1 continuidade \u00e0s a\u00e7\u00f5es para ampliar os programas de moradia popular em Tocantin\u00f3polis. &#8220;Em nosso primeiro mandato, investimos na constru\u00e7\u00e3o de casas populares, com mais de 700 fam\u00edlias beneficiadas, e esse \u00e9 um dos objetivos que seguiremos agora, dar continuidade a esse trabalho. Tivemos um 2020 complicado mundialmente e o primeiro semestre deste ano parece que tamb\u00e9m ser\u00e1 complicado, mas \u00e9 um ano de esperan\u00e7a, luta e determina\u00e7\u00e3o. Com isso, vamos tentar diminuir essas sequelas que ficaram. Ao povo de Tocantin\u00f3polis, vamos nos manter com determina\u00e7\u00e3o, respeito e qualidade de vida para todos&#8221;, afirmou o prefeito.<\/p>\n\n\n\n<p>A cerim\u00f4nia tamb\u00e9m deu posse aos vereadores eleitos no munic\u00edpio: Tiago Daniel Moraes, Jairo Pereira da Silva, Eliz\u00e2ngela Gomes, Davi Chaveiro, Enison Nunes, Lamarck Rodrigues, Ricardo Palmeira, Gerrival Alves, Eurivaldo Gomes, Jos\u00e9 Raimundo Gomes e Roberlan Barbosa.<\/p>\n\n\n\n<p>Entre as autoridades presentes estavam o senador Iraj\u00e1 Abreu; o deputado estadual Fabion Gomes e o ex-deputado estadual&nbsp;Ant\u00f4nio Bonif\u00e1cio.<\/p>\n\n\n\n<p><strong>Araguatins<\/strong><\/p>\n\n\n\n<p>Ap\u00f3s a cerim\u00f4nia em Tocantin\u00f3polis, o Vice-governador seguiu viagem para o munic\u00edpio de Araguatins, onde acompanhou a posse do prefeito Aquiles Pereira de Sousa (Aquiles da Areia) e da vice-prefeita Elizabete Rocha.<\/p>\n\n\n\n<p>A solenidade ocorreu na C\u00e2mara Municipal de Araguatins e teve in\u00edcio \u00e0s 20h30. O vice-governador&nbsp;Wanderlei Barbosa&nbsp;reafirmou que o Pal\u00e1cio Araguaia est\u00e1 \u00e0 disposi\u00e7\u00e3o para receber projetos de apoio ao munic\u00edpio.<\/p>\n\n\n\n<p>\u201cTemos que agradecer a todos que fizeram parte da hist\u00f3ria de Araguatins, que nos orgulha muito pela sua capacidade e potencial tur\u00edstico. N\u00e3o estou aqui por acaso, foi um pedido do governador Carlesse. O Bico do Papagaio \u00e9 uma regi\u00e3o de grande import\u00e2ncia. Colocamos as contas do Estado em dia para poder viabilizar mais parcerias com os munic\u00edpios&nbsp;e acreditamos que 2021 ser\u00e1 um ano muito melhor para todos n\u00f3s. Ainda vivemos esse momento, mas ele vai passar. Digo ao povo de Araguatins que colocamos o Pal\u00e1cio Araguaia \u00e0 disposi\u00e7\u00e3o do prefeito e dos cidad\u00e3os, seremos parceiros nessa transforma\u00e7\u00e3o. Esse \u00e9 o recado que queremos deixar, parabenizando a todos os eleitos e os secret\u00e1rios que v\u00e3o come\u00e7ar sua miss\u00e3o este ano&#8221;, destacou o Vice-governador.<\/p>\n\n\n\n<p>O prefeito Aquiles da Areia, eleito no dia 15 de novembro de 2020, destacou que far\u00e1 uma gest\u00e3o voltada para a comunidade mais carente do munic\u00edpio.<\/p>\n\n\n\n<p>&#8220;\u00c9 um momento hist\u00f3rico na pol\u00edtica de Araguatins, onde n\u00f3s vemos as camadas mais humildes. Uma trajet\u00f3ria l\u00e1 do curtume de couro, da olaria, da areia, do garimpo, da pesca, sempre trabalhando com a comunidade de Araguatins, povo mais sofrido, mais isolado. E falar da expectativa,&nbsp;\u00e9 uma expectativa muito boa, todos sabemos da conjuntura atual que se encontra o munic\u00edpio, essa pandemia que estamos passando, mas n\u00f3s estamos muito otimistas. O&nbsp;povo est\u00e1 com f\u00e9 e esperan\u00e7a, eu tenho certeza de que n\u00f3s vamos fazer uma administra\u00e7\u00e3o mais voltada para o povo mais sofrido que est\u00e1 \u00e0 deriva, que est\u00e1 precisando praticamente de tudo. Eu tenho muita f\u00e9 em Deus e no povo que n\u00f3s vamos conseguir sair dessa situa\u00e7\u00e3o de calamidade&#8221;, ressaltou.<\/p>\n\n\n\n<p>Tamb\u00e9m tomaram posse nesta sexta-feira, 1\u00ba, os vereadores R\u00f4mulo Ferreira, Luiz do Falc\u00e3o, Miguel do Cajueiro, Roberto Pires, Darlan Pernambuco, Jairo Ribeiro, Leocy Mota, Ant\u00f4nio Evangelista, Marlucio da Auto Escola, Magno Faim, Weudys Dias, Chico Moura e Wando do Natal.<\/p>\n\n\n\n<p><strong>Presen\u00e7as<\/strong><\/p>\n\n\n\n<p>Prestigiaram a solenidade de posse em Araguatins os deputados estaduais Olyntho Neto e Valderez Castelo Branco, o senador Iraj\u00e1 Abreu e o ex-deputado federal, L\u00e1zaro Botelho.<\/p>\n","protected":false},"excerpt":{"rendered":"<p>O vice-governador do Estado do Tocantins, Wanderlei Barbosa, esteve presente na sexta-feira, 1\u00b0&nbsp;de janeiro de 2021, na solenidade de posse dos prefeitos eleitos nos munic\u00edpios de Tocantin\u00f3polis e Araguatins, na regi\u00e3o do Bico do Papagaio. A agenda oficial na regi\u00e3o norte do Estado teve in\u00edcio \u00e0s 17 horas em Tocantin\u00f3polis, onde o Vice-governador participou da [&hellip;]<\/p>\n","protected":false},"author":2,"featured_media":7236,"comment_status":"open","ping_status":"open","sticky":false,"template":"","format":"standard","meta":[],"categories":[4],"tags":[13],"_links":{"self":[{"href":"https:\/\/dgospel.com.br\/portal\/index.php\/wp-json\/wp\/v2\/posts\/7235"}],"collection":[{"href":"https:\/\/dgospel.com.br\/portal\/index.php\/wp-json\/wp\/v2\/posts"}],"about":[{"href":"https:\/\/dgospel.com.br\/portal\/index.php\/wp-json\/wp\/v2\/types\/post"}],"author":[{"embeddable":true,"href":"https:\/\/dgospel.com.br\/portal\/index.php\/wp-json\/wp\/v2\/users\/2"}],"replies":[{"embeddable":true,"href":"https:\/\/dgospel.com.br\/portal\/index.php\/wp-json\/wp\/v2\/comments?post=7235"}],"version-history":[{"count":1,"href":"https:\/\/dgospel.com.br\/portal\/index.php\/wp-json\/wp\/v2\/posts\/7235\/revisions"}],"predecessor-version":[{"id":7237,"href":"https:\/\/dgospel.com.br\/portal\/index.php\/wp-json\/wp\/v2\/posts\/7235\/revisions\/7237"}],"wp:featuredmedia":[{"embeddable":true,"href":"https:\/\/dgospel.com.br\/portal\/index.php\/wp-json\/wp\/v2\/media\/7236"}],"wp:attachment":[{"href":"https:\/\/dgospel.com.br\/portal\/index.php\/wp-json\/wp\/v2\/media?parent=7235"}],"wp:term":[{"taxonomy":"category","embeddable":true,"href":"https:\/\/dgospel.com.br\/portal\/index.php\/wp-json\/wp\/v2\/categories?post=7235"},{"taxonomy":"post_tag","embeddable":true,"href":"https:\/\/dgospel.com.br\/portal\/index.php\/wp-json\/wp\/v2\/tags?post=7235"}],"curies":[{"name":"wp","href":"https:\/\/api.w.org\/{rel}","templated":true}]}}