{"id":7247,"date":"2021-01-04T18:28:00","date_gmt":"2021-01-04T21:28:00","guid":{"rendered":"http:\/\/dgospel.com.br\/portal\/?p=7247"},"modified":"2021-01-04T18:28:02","modified_gmt":"2021-01-04T21:28:02","slug":"cantora-amanda-wanessa-sofre-grave-acidente-de-carro","status":"publish","type":"post","link":"https:\/\/dgospel.com.br\/portal\/index.php\/2021\/01\/04\/cantora-amanda-wanessa-sofre-grave-acidente-de-carro\/","title":{"rendered":"Cantora Amanda Wanessa sofre grave acidente de carro"},"content":{"rendered":"\n<p> Nesta segunda-feira (4), a cantora\u00a0<a rel=\"noreferrer noopener\" href=\"https:\/\/pleno.news\/tag\/amanda-wanessa\" target=\"_blank\">Amanda Wanessa<\/a>\u00a0sofreu um acidente grave de carro, em Barreiros (PE). De acordo com informa\u00e7\u00f5es iniciais, compartilhadas em uma rede social, Amanda teve que ser levada para a Unidade de Tratamento Intensivo (UTI) e est\u00e1 intubada. Ela est\u00e1 no Real Hospital Portugu\u00eas, em Recife. <\/p>\n\n\n\n<p> O autom\u00f3vel no qual Amanda estava se envolveu em uma batida com um caminh\u00e3o. O acidente aconteceu na rodovia PE-60. <\/p>\n\n\n\n<p>Amanda Wanessa estava desacordada quando foi retirada das ferragens do ve\u00edculo. Ela estava no banco do motorista, uma vez que conduzia o carro.<\/p>\n\n\n\n<p><\/p>\n\n\n\n<figure class=\"wp-block-image\"><img loading=\"lazy\" width=\"696\" height=\"928\" src=\"http:\/\/dgospel.com.br\/portal\/wp-content\/uploads\/2021\/01\/00000000000.jpeg\" alt=\"\" class=\"wp-image-7249\" srcset=\"https:\/\/dgospel.com.br\/portal\/wp-content\/uploads\/2021\/01\/00000000000.jpeg 696w, https:\/\/dgospel.com.br\/portal\/wp-content\/uploads\/2021\/01\/00000000000-225x300.jpeg 225w\" sizes=\"(max-width: 696px) 100vw, 696px\" \/><\/figure>\n\n\n\n<p>Outras pessoas, incluindo Odilon, pai de Amanda, e a filha da cantora, Mel, estavam no autom\u00f3vel. Dobson, esposo da cantora, n\u00e3o estava no ve\u00edculo.<\/p>\n\n\n\n<p>Mel quebrou o bra\u00e7o, e Odilon teve escoria\u00e7\u00f5es leves. Apesar do acidente, eles passam bem. J\u00e1 Amanda sofreu fraturas m\u00faltiplas.<\/p>\n\n\n\n<p>Nas redes sociais, a cantora Cl\u00e1udia Can\u00e7\u00e3o e outros amigos de Amanda est\u00e3o pedindo ora\u00e7\u00e3o por ela.<\/p>\n\n\n\n<p>*Mat\u00e9ria em atualiza\u00e7\u00e3o<\/p>\n","protected":false},"excerpt":{"rendered":"<p>Nesta segunda-feira (4), a cantora\u00a0Amanda Wanessa\u00a0sofreu um acidente grave de carro, em Barreiros (PE). De acordo com informa\u00e7\u00f5es iniciais, compartilhadas em uma rede social, Amanda teve que ser levada para a Unidade de Tratamento Intensivo (UTI) e est\u00e1 intubada. Ela est\u00e1 no Real Hospital Portugu\u00eas, em Recife. O autom\u00f3vel no qual Amanda estava se envolveu [&hellip;]<\/p>\n","protected":false},"author":2,"featured_media":7248,"comment_status":"open","ping_status":"open","sticky":false,"template":"","format":"standard","meta":[],"categories":[17,5],"tags":[],"_links":{"self":[{"href":"https:\/\/dgospel.com.br\/portal\/index.php\/wp-json\/wp\/v2\/posts\/7247"}],"collection":[{"href":"https:\/\/dgospel.com.br\/portal\/index.php\/wp-json\/wp\/v2\/posts"}],"about":[{"href":"https:\/\/dgospel.com.br\/portal\/index.php\/wp-json\/wp\/v2\/types\/post"}],"author":[{"embeddable":true,"href":"https:\/\/dgospel.com.br\/portal\/index.php\/wp-json\/wp\/v2\/users\/2"}],"replies":[{"embeddable":true,"href":"https:\/\/dgospel.com.br\/portal\/index.php\/wp-json\/wp\/v2\/comments?post=7247"}],"version-history":[{"count":1,"href":"https:\/\/dgospel.com.br\/portal\/index.php\/wp-json\/wp\/v2\/posts\/7247\/revisions"}],"predecessor-version":[{"id":7250,"href":"https:\/\/dgospel.com.br\/portal\/index.php\/wp-json\/wp\/v2\/posts\/7247\/revisions\/7250"}],"wp:featuredmedia":[{"embeddable":true,"href":"https:\/\/dgospel.com.br\/portal\/index.php\/wp-json\/wp\/v2\/media\/7248"}],"wp:attachment":[{"href":"https:\/\/dgospel.com.br\/portal\/index.php\/wp-json\/wp\/v2\/media?parent=7247"}],"wp:term":[{"taxonomy":"category","embeddable":true,"href":"https:\/\/dgospel.com.br\/portal\/index.php\/wp-json\/wp\/v2\/categories?post=7247"},{"taxonomy":"post_tag","embeddable":true,"href":"https:\/\/dgospel.com.br\/portal\/index.php\/wp-json\/wp\/v2\/tags?post=7247"}],"curies":[{"name":"wp","href":"https:\/\/api.w.org\/{rel}","templated":true}]}}