{"id":725,"date":"2018-07-09T10:02:24","date_gmt":"2018-07-09T13:02:24","guid":{"rendered":"http:\/\/dgospel.com.br\/portal\/?p=725"},"modified":"2018-07-09T10:02:24","modified_gmt":"2018-07-09T13:02:24","slug":"fernandinho-abre-oficialmente-a-temporada-de-ferias-2018-na-capital","status":"publish","type":"post","link":"https:\/\/dgospel.com.br\/portal\/index.php\/2018\/07\/09\/fernandinho-abre-oficialmente-a-temporada-de-ferias-2018-na-capital\/","title":{"rendered":"Fernandinho abre oficialmente a Temporada de F\u00e9rias 2018 na Capital"},"content":{"rendered":"<div>Sob o comando da Ag\u00eancia Municipal de Turismo (Agtur), a Prefeitura Municipal de Palmas organizou uma programa\u00e7\u00e3o diversificada. O objetivo \u00e9 fazer com que palmenses e turistas possam usufruir das v\u00e1rias atra\u00e7\u00f5es culturais e gastron\u00f4micas durante a Temporada de F\u00e9rias 2018 que inicia no pr\u00f3xima quinta-feira, 12, com o show gospel Nacional de Fernandinho, e encerra com o show sertanejo da dupla Lucas &amp; Gustavo no de 29 de julho, na Praia da Graciosa.<\/div>\n<div><\/div>\n<div><\/div>\n<div>E, no card\u00e1pio da Temporada de F\u00e9rias 2018, h\u00e1 eventos j\u00e1 consagrados na cidade como o 14\u00ba PMW Rock, Exposi\u00e7\u00e3o de Carros Antigos e Shows Gospel Nacional, como Fernandinho, Livre e Adora\u00e7\u00e3o e Vida e, show sertanejo de Lucas &amp; Gustavo.<\/div>\n<div><\/div>\n<div><\/div>\n<div>Para o presidente da Agtur, Eudes Assis, a concep\u00e7\u00e3o deste modelo de programa\u00e7\u00e3o vem para proporcionar uma temporada que todos possam desfrutar e que possa fomentar a gera\u00e7\u00e3o de renda na Capital. \u201cBuscamos otimizar os nossos recursos, por meio de parcerias, assim conseguimos fazer uma programa\u00e7\u00e3o diversificada capaz de movimentar o nosso trade tur\u00edstico e proporcionar ao palmense e turistas uma temporada de f\u00e9rias agrad\u00e1vel\u201d, ressaltou.<\/div>\n<div><\/div>\n<div><\/div>\n<div>O evento conta com as parcerias da Secretaria Municipal de Infraestrutura, Servi\u00e7os P\u00fablicos, Tr\u00e2nsito e Transportes, Guarda Metropolitana de Palmas e das Funda\u00e7\u00f5es Municipal de Cultura, de Meio Ambiente, e Secretaria de Desenvolvimento Econ\u00f4mico e Emprego.<\/div>\n<div><\/div>\n<div><\/div>\n<div><b>Eventos Parceiros<\/b><\/div>\n<div><b>\u00a0<\/b><\/div>\n<div><b>\u00a0<\/b><\/div>\n<div><b>14\u00ba PMW Rock<\/b><\/div>\n<div><b>\u00a0<\/b><\/div>\n<div><\/div>\n<div>O PMW nestes 14 anos\u00a0 trouxe como proposta fomentar e fortalecer a m\u00fasica independente, Idealizado pelos produtores culturais Andr\u00e9 Santiago e Gustavo Andrade, o PMW Rock Festival projetou o Tocantins no cen\u00e1rio nacional dando oportunidade a centenas de bandas alternativas e artistas independentes de mostrarem os seus trabalhos.<\/div>\n<div><\/div>\n<div><\/div>\n<div><b>Encontro de Carros Antigos<\/b><\/div>\n<div><b>\u00a0<\/b><\/div>\n<div><\/div>\n<div>Um dos organizadores, Renato Pereira, conta que o grupo surgiu na Capital, por iniciativa de seis amigos que compartilhavam o gosto por carros antigos, no in\u00edcio de fevereiro de 2016, e tinha como o objetivo apenas de realizar conversas e pequenos encontros para debater sobre seus respectivos carros, mas o p\u00fablico foi crescendo, e dos seis participantes iniciais, o clube passou para 25, e agora j\u00e1 conta com 256 membros.<\/div>\n<div><\/div>\n<div><\/div>\n<div>Segundo os organizadores, o encontro contar\u00e1 com a participa\u00e7\u00e3o de cerca de 150 carros de todos os modelos e anos. E ter\u00e1 a participa\u00e7\u00e3o de carros antigos da Capital, de cidades como Porto nacional, Gurupi e Para\u00edso. O evento \u00e9 gratuito e aberto para o p\u00fablico em geral, e \u00e0queles que mesmo n\u00e3o fazendo parte do grupo, queiram levar seu ve\u00edculo para fazer parte da exposi\u00e7\u00e3o.<\/div>\n<div><\/div>\n<div><\/div>\n<div><b>Temporada de F\u00e9rias 2018 \u2013 Praia da Graciosa<\/b><\/div>\n<div><b>\u00a0<\/b><\/div>\n<div><\/div>\n<div><b>1\u00ba final de semana<\/b><\/div>\n<div><b>\u00a0<\/b><\/div>\n<div><\/div>\n<div>12\/07: 19h &#8211; Shows Gospel (Fernandinho \/ Livres e Adora\u00e7\u00e3o e Vida)<\/div>\n<div>13 a 15\/07: 18h &#8211; Divulga\u00e7\u00e3o\u00a0 do 12\u00ba Festival Gastron\u00f4mico de Taquaru\u00e7u<\/div>\n<div><\/div>\n<div><\/div>\n<div><b>2\u00ba final de semana<\/b><\/div>\n<div><b>\u00a0<\/b><\/div>\n<div><\/div>\n<div>19 a 22\/07: 18h &#8211; Divulga\u00e7\u00e3o do 12\u00ba Festival Gastron\u00f4mico de Taquaru\u00e7u<\/div>\n<div>21\/07: 17h &#8211; Encontro de Carros Antigos<\/div>\n<div>21\/07: 21h &#8211; Festival PMW Rock &#8211; Show Na\u00e7\u00e3o Zumbi<\/div>\n<div><\/div>\n<div><\/div>\n<div><b>3\u00ba final de semana<\/b><\/div>\n<div><b>\u00a0<\/b><\/div>\n<div><\/div>\n<div>28\/07: 17h &#8211; Festival Kids<\/div>\n<div>29\/07:\u00a0 19h &#8211; Lucas &amp; Gustavo<\/div>\n","protected":false},"excerpt":{"rendered":"<p>Sob o comando da Ag\u00eancia Municipal de Turismo (Agtur), a Prefeitura Municipal de Palmas organizou uma programa\u00e7\u00e3o diversificada. O objetivo \u00e9 fazer com que palmenses e turistas possam usufruir das v\u00e1rias atra\u00e7\u00f5es culturais e gastron\u00f4micas durante a Temporada de F\u00e9rias 2018 que inicia no pr\u00f3xima quinta-feira, 12, com o show gospel Nacional de Fernandinho, e [&hellip;]<\/p>\n","protected":false},"author":2,"featured_media":726,"comment_status":"open","ping_status":"open","sticky":false,"template":"","format":"standard","meta":[],"categories":[2,5],"tags":[],"_links":{"self":[{"href":"https:\/\/dgospel.com.br\/portal\/index.php\/wp-json\/wp\/v2\/posts\/725"}],"collection":[{"href":"https:\/\/dgospel.com.br\/portal\/index.php\/wp-json\/wp\/v2\/posts"}],"about":[{"href":"https:\/\/dgospel.com.br\/portal\/index.php\/wp-json\/wp\/v2\/types\/post"}],"author":[{"embeddable":true,"href":"https:\/\/dgospel.com.br\/portal\/index.php\/wp-json\/wp\/v2\/users\/2"}],"replies":[{"embeddable":true,"href":"https:\/\/dgospel.com.br\/portal\/index.php\/wp-json\/wp\/v2\/comments?post=725"}],"version-history":[{"count":1,"href":"https:\/\/dgospel.com.br\/portal\/index.php\/wp-json\/wp\/v2\/posts\/725\/revisions"}],"predecessor-version":[{"id":727,"href":"https:\/\/dgospel.com.br\/portal\/index.php\/wp-json\/wp\/v2\/posts\/725\/revisions\/727"}],"wp:featuredmedia":[{"embeddable":true,"href":"https:\/\/dgospel.com.br\/portal\/index.php\/wp-json\/wp\/v2\/media\/726"}],"wp:attachment":[{"href":"https:\/\/dgospel.com.br\/portal\/index.php\/wp-json\/wp\/v2\/media?parent=725"}],"wp:term":[{"taxonomy":"category","embeddable":true,"href":"https:\/\/dgospel.com.br\/portal\/index.php\/wp-json\/wp\/v2\/categories?post=725"},{"taxonomy":"post_tag","embeddable":true,"href":"https:\/\/dgospel.com.br\/portal\/index.php\/wp-json\/wp\/v2\/tags?post=725"}],"curies":[{"name":"wp","href":"https:\/\/api.w.org\/{rel}","templated":true}]}}