{"id":7251,"date":"2021-01-04T19:04:22","date_gmt":"2021-01-04T22:04:22","guid":{"rendered":"http:\/\/dgospel.com.br\/portal\/?p=7251"},"modified":"2021-01-04T19:04:24","modified_gmt":"2021-01-04T22:04:24","slug":"governo-fecha-2020-com-r53-milhoes-investidos-na-familia","status":"publish","type":"post","link":"https:\/\/dgospel.com.br\/portal\/index.php\/2021\/01\/04\/governo-fecha-2020-com-r53-milhoes-investidos-na-familia\/","title":{"rendered":"Governo fecha 2020 com R$5,3 milh\u00f5es investidos na fam\u00edlia"},"content":{"rendered":"\n<p>O Governo Federal encerra 2020 tendo empenhado 100% do or\u00e7amento destinado a pol\u00edticas p\u00fablicas de fortalecimento da fam\u00edlia. O recurso, que corresponde a mais de R$ 5,3 milh\u00f5es, \u00e9 executado pela Secretaria Nacional da Fam\u00edlia (SNF), do Minist\u00e9rio da Mulher, da Fam\u00edlia e dos Direitos Humanos (MMFDH).<\/p>\n\n\n\n<p>\u2013 O Governo Federal est\u00e1 olhando para as fam\u00edlias brasileiras e buscando entender, na teoria e na pr\u00e1tica, quais s\u00e3o as suas reais necessidades. Estamos empenhando esfor\u00e7os e recursos para fortalecer os v\u00ednculos familiares. A fam\u00edlia \u00e9 a base social. Isso est\u00e1 em nossa Constitui\u00e7\u00e3o e \u00e9 o princ\u00edpio que tem guiado nossas a\u00e7\u00f5es \u2013 declara a titular da SNF, Angela Gandra.<\/p>\n\n\n\n<p>A pasta investiu no Observat\u00f3rio Nacional da Fam\u00edlia, no Programa de Equil\u00edbrio Trabalho-Fam\u00edlia e em projetos como Fam\u00edlias Fortes, Reconecte, Fam\u00edlia na Escola, Acolha a Vida, entre outros.<\/p>\n\n\n\n<p><strong>PESQUISA<\/strong><br>Em 2020, a SNF firmou parceria com a Coordena\u00e7\u00e3o de Aperfei\u00e7oamento de Pessoal de N\u00edvel Superior (Capes) para incentivar o desenvolvimento de estudos relacionados \u00e0 organiza\u00e7\u00e3o e \u00e0 situa\u00e7\u00e3o atual das fam\u00edlias brasileiras. O Programa Fam\u00edlia e Pol\u00edticas P\u00fablicas no Brasil vai apoiar projetos de pesquisa cient\u00edfica e tecnol\u00f3gica e a forma\u00e7\u00e3o de pessoal qualificado nos programas de p\u00f3s-gradua\u00e7\u00e3o (PPGs)&nbsp;<em>stricto sensu<\/em>.<\/p>\n\n\n\n<p>O lan\u00e7amento deve ocorrer no in\u00edcio de 2021, com a publica\u00e7\u00e3o de edital para a sele\u00e7\u00e3o dos projetos de pesquisa em temas relacionados a pol\u00edticas p\u00fablicas de fortalecimento da fam\u00edlia. Ser\u00e3o financiados seis projetos, com at\u00e9 50 bolsas de mestrado e de p\u00f3s-doutorado, sobre temas como Gastos em Pol\u00edticas Familiares, Equil\u00edbrio Trabalho-Fam\u00edlia, Sa\u00fade Mental e Rela\u00e7\u00f5es Familiares, entre outros. O investimento soma aproximadamente R$ 2,4 milh\u00f5es, divididos entre a CAPES e a SNF.<\/p>\n\n\n\n<figure class=\"wp-block-image\"><img src=\"https:\/\/static.cdn.pleno.news\/2019\/01\/angela-gandra-martins-1024x682.png\" alt=\"\u00c2ngela Gandra \u00e9 titular da Secretaria Nacional da Fam\u00edlia\" class=\"wp-image-231326\"\/><figcaption>\u00c2ngela Gandra \u00e9 titular da Secretaria Nacional da Fam\u00edlia&nbsp;Foto: Reprodu\u00e7\u00e3o\/STF<\/figcaption><\/figure>\n\n\n\n<p><strong>EDUCA\u00c7\u00c3O \u00c0 DIST\u00c2NCIA<\/strong><br>At\u00e9 mar\u00e7o de 2021, com recursos empenhados em 2020, a Secretaria lan\u00e7ar\u00e1 seis cursos. Dentre eles, o curso para facilitadores do Fam\u00edlias Fortes, com dura\u00e7\u00e3o de 25 horas, visa \u00e0 capacita\u00e7\u00e3o de facilitadores para aplica\u00e7\u00e3o do programa com as fam\u00edlias.<\/p>\n\n\n\n<p>J\u00e1 o curso Acolha a Vida ter\u00e1 carga hor\u00e1ria de 10 horas e focar\u00e1 na promo\u00e7\u00e3o de sa\u00fade mental por meio do fortalecimento de v\u00ednculos familiares.<\/p>\n\n\n\n<p>Por sua vez, o curso do projeto Reconecte, que vai tratar do uso adequado das novas tecnologias, ter\u00e1 a dura\u00e7\u00e3o de 40h.<\/p>\n\n\n\n<p>Voltado para o desenvolvimento de habilidades parentais e para a promo\u00e7\u00e3o da intera\u00e7\u00e3o fam\u00edlia-escola, o curso Fam\u00edlia na Escola contar\u00e1 com a carga hor\u00e1ria de 30 horas.<\/p>\n\n\n\n<p>Haver\u00e1 tamb\u00e9m o curso Pol\u00edtica P\u00fablica Familiares, destinado \u00e0 capacita\u00e7\u00e3o de agentes p\u00fablicos no processo de formula\u00e7\u00e3o, implementa\u00e7\u00e3o e avalia\u00e7\u00e3o de pol\u00edticas de fortalecimento dos v\u00ednculos familiares, com dura\u00e7\u00e3o de 40 horas.<\/p>\n\n\n\n<p>Por fim, o curso de Prepara\u00e7\u00e3o para o Casamento Civil, com 10 horas de dura\u00e7\u00e3o, tem como foco a sensibiliza\u00e7\u00e3o dos casais acerca dos direitos e deveres relativos \u00e0 vida conjugal.<\/p>\n\n\n\n<p><strong>Todos eles ser\u00e3o disponibilizados na plataforma Avamec, do Minist\u00e9rio da Educa\u00e7\u00e3o.<\/strong>&nbsp;O investimento desses cursos foi de aproximadamente R$ 690 mil.<\/p>\n","protected":false},"excerpt":{"rendered":"<p>O Governo Federal encerra 2020 tendo empenhado 100% do or\u00e7amento destinado a pol\u00edticas p\u00fablicas de fortalecimento da fam\u00edlia. O recurso, que corresponde a mais de R$ 5,3 milh\u00f5es, \u00e9 executado pela Secretaria Nacional da Fam\u00edlia (SNF), do Minist\u00e9rio da Mulher, da Fam\u00edlia e dos Direitos Humanos (MMFDH). \u2013 O Governo Federal est\u00e1 olhando para as [&hellip;]<\/p>\n","protected":false},"author":2,"featured_media":7252,"comment_status":"open","ping_status":"open","sticky":false,"template":"","format":"standard","meta":[],"categories":[4],"tags":[14],"_links":{"self":[{"href":"https:\/\/dgospel.com.br\/portal\/index.php\/wp-json\/wp\/v2\/posts\/7251"}],"collection":[{"href":"https:\/\/dgospel.com.br\/portal\/index.php\/wp-json\/wp\/v2\/posts"}],"about":[{"href":"https:\/\/dgospel.com.br\/portal\/index.php\/wp-json\/wp\/v2\/types\/post"}],"author":[{"embeddable":true,"href":"https:\/\/dgospel.com.br\/portal\/index.php\/wp-json\/wp\/v2\/users\/2"}],"replies":[{"embeddable":true,"href":"https:\/\/dgospel.com.br\/portal\/index.php\/wp-json\/wp\/v2\/comments?post=7251"}],"version-history":[{"count":1,"href":"https:\/\/dgospel.com.br\/portal\/index.php\/wp-json\/wp\/v2\/posts\/7251\/revisions"}],"predecessor-version":[{"id":7253,"href":"https:\/\/dgospel.com.br\/portal\/index.php\/wp-json\/wp\/v2\/posts\/7251\/revisions\/7253"}],"wp:featuredmedia":[{"embeddable":true,"href":"https:\/\/dgospel.com.br\/portal\/index.php\/wp-json\/wp\/v2\/media\/7252"}],"wp:attachment":[{"href":"https:\/\/dgospel.com.br\/portal\/index.php\/wp-json\/wp\/v2\/media?parent=7251"}],"wp:term":[{"taxonomy":"category","embeddable":true,"href":"https:\/\/dgospel.com.br\/portal\/index.php\/wp-json\/wp\/v2\/categories?post=7251"},{"taxonomy":"post_tag","embeddable":true,"href":"https:\/\/dgospel.com.br\/portal\/index.php\/wp-json\/wp\/v2\/tags?post=7251"}],"curies":[{"name":"wp","href":"https:\/\/api.w.org\/{rel}","templated":true}]}}