{"id":7254,"date":"2021-01-04T22:15:17","date_gmt":"2021-01-05T01:15:17","guid":{"rendered":"http:\/\/dgospel.com.br\/portal\/?p=7254"},"modified":"2021-01-04T22:15:19","modified_gmt":"2021-01-05T01:15:19","slug":"suspeito-de-arrombar-carros-estacionados-no-hgp-para-furtar-objetos-e-preso-em-palmas","status":"publish","type":"post","link":"https:\/\/dgospel.com.br\/portal\/index.php\/2021\/01\/04\/suspeito-de-arrombar-carros-estacionados-no-hgp-para-furtar-objetos-e-preso-em-palmas\/","title":{"rendered":"Suspeito de arrombar carros estacionados no HGP para furtar objetos \u00e9 preso em Palmas"},"content":{"rendered":"\n<p>Um homem de 29 anos foi preso nesta segunda-feira (4) por suspeita de\nenvolvimento em arrombamentos de ve\u00edculos, em Palmas. De acordo com a Pol\u00edcia\nCivil, ele utilizava uma chave falsa para abrir autom\u00f3veis estacionados em\nv\u00e1rios pontos da capital e furtar pertences das v\u00edtimas.<\/p>\n\n\n\n<p>O homem estava sendo investigado h\u00e1 mais de seis meses. Ele \u00e9 o\nprincipal suspeito de ter furtado objetos no interior de ve\u00edculos estacionados\nno Hospital Geral de Palmas (HGP) em outubro de 2020. Na \u00e9poca,&nbsp;<a href=\"https:\/\/g1.globo.com\/to\/tocantins\/noticia\/2020\/10\/23\/funcionarios-do-hgp-filmam-homem-invadindo-carros-no-estacionamento-da-unidade-e-furtando-objetos.ghtml\"><strong>funcion\u00e1rios da unidade\ndivulgaram as imagens em que o homem aparece invadindo os carros<\/strong><\/a>.&nbsp;<strong>Assista\nabaixo<\/strong><\/p>\n\n\n\n<p>Em dezembro de 2020 a&nbsp;<a href=\"https:\/\/g1.globo.com\/to\/tocantins\/noticia\/2020\/12\/10\/policia-faz-buscas-na-casa-de-suspeito-e-encontra-objetos-furtados-de-veiculos-no-hgp.ghtml\"><strong>pol\u00edcia encontrou objetos\nfurtados na casa dele<\/strong><\/a>. V\u00e1rios materiais foram reconhecidos por\nv\u00edtimas que tiveram seus ve\u00edculos arrombados. Os investigadores tinham pedido a\npris\u00e3o do homem, mas a Justi\u00e7a n\u00e3o tinha autorizado.<\/p>\n\n\n\n<p>J\u00e1 nesta segunda (4) ele foi detido cumprimento de mandado de pris\u00e3o e,\ndepois, foi levado para a Casa de Pris\u00e3o Provis\u00f3ria (CPP) de Palmas. Durante a\nabordagem ele estava em um carro furtado, e tamb\u00e9m deve responder pelo crime de\nrecepta\u00e7\u00e3o.<\/p>\n\n\n\n<p>A Pol\u00edcia informou que os furtos no interior dos ve\u00edculos eram\nrealizados com a utiliza\u00e7\u00e3o de um aparelho popularmente conhecido como\n&#8220;Chapolim\u201d, que impede o fechamento do carro.<\/p>\n\n\n\n<p>\u201cNa certeza que havia trancado seu ve\u00edculo, o propriet\u00e1rio se afastava,\nmomento em que o criminoso entrava em a\u00e7\u00e3o, e como tinha bloqueado o travamento\ndo autom\u00f3vel, invadia o interior do mesmo e furtava tudo o que encontrava pela\nfrente\u201d, explicou o delegado Gregory Almeida.<\/p>\n","protected":false},"excerpt":{"rendered":"<p>Um homem de 29 anos foi preso nesta segunda-feira (4) por suspeita de envolvimento em arrombamentos de ve\u00edculos, em Palmas. De acordo com a Pol\u00edcia Civil, ele utilizava uma chave falsa para abrir autom\u00f3veis estacionados em v\u00e1rios pontos da capital e furtar pertences das v\u00edtimas. O homem estava sendo investigado h\u00e1 mais de seis meses. [&hellip;]<\/p>\n","protected":false},"author":2,"featured_media":7255,"comment_status":"open","ping_status":"open","sticky":false,"template":"","format":"standard","meta":[],"categories":[3],"tags":[],"_links":{"self":[{"href":"https:\/\/dgospel.com.br\/portal\/index.php\/wp-json\/wp\/v2\/posts\/7254"}],"collection":[{"href":"https:\/\/dgospel.com.br\/portal\/index.php\/wp-json\/wp\/v2\/posts"}],"about":[{"href":"https:\/\/dgospel.com.br\/portal\/index.php\/wp-json\/wp\/v2\/types\/post"}],"author":[{"embeddable":true,"href":"https:\/\/dgospel.com.br\/portal\/index.php\/wp-json\/wp\/v2\/users\/2"}],"replies":[{"embeddable":true,"href":"https:\/\/dgospel.com.br\/portal\/index.php\/wp-json\/wp\/v2\/comments?post=7254"}],"version-history":[{"count":1,"href":"https:\/\/dgospel.com.br\/portal\/index.php\/wp-json\/wp\/v2\/posts\/7254\/revisions"}],"predecessor-version":[{"id":7256,"href":"https:\/\/dgospel.com.br\/portal\/index.php\/wp-json\/wp\/v2\/posts\/7254\/revisions\/7256"}],"wp:featuredmedia":[{"embeddable":true,"href":"https:\/\/dgospel.com.br\/portal\/index.php\/wp-json\/wp\/v2\/media\/7255"}],"wp:attachment":[{"href":"https:\/\/dgospel.com.br\/portal\/index.php\/wp-json\/wp\/v2\/media?parent=7254"}],"wp:term":[{"taxonomy":"category","embeddable":true,"href":"https:\/\/dgospel.com.br\/portal\/index.php\/wp-json\/wp\/v2\/categories?post=7254"},{"taxonomy":"post_tag","embeddable":true,"href":"https:\/\/dgospel.com.br\/portal\/index.php\/wp-json\/wp\/v2\/tags?post=7254"}],"curies":[{"name":"wp","href":"https:\/\/api.w.org\/{rel}","templated":true}]}}