{"id":7257,"date":"2021-01-05T15:43:43","date_gmt":"2021-01-05T18:43:43","guid":{"rendered":"http:\/\/dgospel.com.br\/portal\/?p=7257"},"modified":"2021-01-05T15:43:45","modified_gmt":"2021-01-05T18:43:45","slug":"wesley-se-une-a-casa-worship-e-clovis-no-lancamento-do-projeto-conexao-gospel-da-deezer","status":"publish","type":"post","link":"https:\/\/dgospel.com.br\/portal\/index.php\/2021\/01\/05\/wesley-se-une-a-casa-worship-e-clovis-no-lancamento-do-projeto-conexao-gospel-da-deezer\/","title":{"rendered":"Wesley se une \u00e0 Casa Worship e Clovis no lan\u00e7amento do projeto &#8220;Conex\u00e3o Gospel&#8221;, da Deezer"},"content":{"rendered":"\n<p>Ap\u00f3s um ano dif\u00edcil para o mundo todo, em que tivemos que ficar t\u00e3o distantes fisicamente, que tal aproximar universos musicais para uma mensagem de uni\u00e3o? \u00c9 pensando nisso que a<strong>&nbsp;Deezer<\/strong>&nbsp;anuncia o lan\u00e7amento do projeto&nbsp;<strong><em>Conex\u00e3o Gospel<\/em><\/strong>, com a estreia de uma vers\u00e3o in\u00e9dita da m\u00fasica&nbsp;<strong>\u201cDeus tem um Plano\u201d<\/strong>, nas vozes de grandes artistas como&nbsp;<strong>Wesley, Casa Worship&nbsp;<\/strong>e<strong>&nbsp;Clovis<\/strong>.&nbsp;<\/p>\n\n\n\n<figure class=\"wp-block-image\"><img src=\"https:\/\/ci4.googleusercontent.com\/proxy\/OYni5O3i1Q95QKFg1xnvTiLFb017W1kmoya3o3y01FB7NpsHvOEeZO0pPN7SGPx08i5LEu4W1g8eS53xynCLLkFFk_s8hCHWelmtVeFmY-Z19z60v97FsryOtYXpmblB61uVXUOMCvn5uaqMd_Acu198_3gX4wGbdZ77_4PRnF0hpCndWe16XymvxrtsVUBvr273SXS-CGZuqdA=s0-d-e1-ft#https:\/\/files.pressmanager.net\/clientes\/03953d123790de6912435dff40e88e01\/imagens\/2021\/01\/05\/365bfc1dba9ccec41fb997eb0d59f637_medium.jpg\" alt=\"\"\/><\/figure>\n\n\n\n<p>Aliado ao forte investimento da Deezer na cena local, o&nbsp;<em>Conex\u00e3o Gospel<\/em>&nbsp;convidar\u00e1 artistas para parcerias in\u00e9ditas entre m\u00fasicos de diferentes estilos ao longo de 2021. \u201cNeste ano t\u00e3o complicado, aprendemos o quanto dependemos uns dos outros para superarmos momentos dif\u00edceis. Esta iniciativa evidencia a liga\u00e7\u00e3o que podemos ter enquanto seres humanos, independentemente de termos vis\u00f5es distintas\u201d, conta Pedro Kurtz, diretor de conte\u00fado da Deezer. Ele acrescenta que o importante \u00e9 respeitar as diferen\u00e7as e se unir para algo maior. \u201cA Deezer \u00e9 uma plataforma que explora essa rica imensid\u00e3o cultural brasileira e est\u00e1 \u00e0 frente quando se trata de detectar tend\u00eancias e criar projetos originais\u201d, complementa.<\/p>\n\n\n\n<p>A escolha da primeira m\u00fasica do projeto foi certeira. \u201cEnt\u00e3o olha pra teu lado, tem algu\u00e9m que precisa de ti \/ Levanta a cabe\u00e7a, joga fora essa tristeza, come\u00e7a a sorrir\u201d \u00e9 um dos trechos da can\u00e7\u00e3o que carrega uma mensagem ampla de cuidado, carinho, amor, fam\u00edlia e amigos &#8211; itens essenciais diante deste momento at\u00edpico que a humanidade enfrenta com a pandemia.<\/p>\n\n\n\n<p>A uni\u00e3o da estrela do forr\u00f3 com os fen\u00f4menos do Gospel, n\u00e3o poderia ter sido mais harm\u00f4nica. &#8220;Eu gosto muito de louvor. Cantei essa m\u00fasica em duas lives minhas e quando surgiu o convite da Deezer eu lembrei dela e sugeri, contando que ela me tocou muito. Est\u00e1 sendo muito prazeroso poder grav\u00e1-la pra Deus. Algumas pessoas j\u00e1 me viram cantando no dia a dia, mas esta \u00e9 a primeira vez oficial e estou muito feliz\u201d, revela Wesley.<\/p>\n\n\n\n<figure class=\"wp-block-image\"><img src=\"https:\/\/ci5.googleusercontent.com\/proxy\/KOtXwiWF0g0j9LeMbxmp_2H4OHwx3uSFrCeU4fwN8aFqk-WsBuuAd15Bn14Y9vFtpgGiQjsgwto3IBMc5fV8CSezbSdsg4oaUR3dmWfptwF5GZUWO1Llo-UU8EapaSpKDAZsn0nvzcLpMYbAUjbmDVzPCdM3KWdS7DPMgNlKL6vSjDbexUci6gEKwHhDIz3X0jWcY4NhWGFbxLI=s0-d-e1-ft#https:\/\/files.pressmanager.net\/clientes\/03953d123790de6912435dff40e88e01\/imagens\/2021\/01\/05\/69fa53ad4d27f0c8047b90abaadd1d2d_medium.jpg\" alt=\"\"\/><\/figure>\n\n\n\n<p>O cantor n\u00e3o foi o \u00fanico a se alegrar com o projeto. \u201cPara mim, a colab \u00e9 o futuro. Estamos lidando com dois fen\u00f4menos da m\u00fasica: o Wesley \u00e9 um sucesso no Brasil e fora, e Casa Worship tamb\u00e9m. A gente v\u00ea artistas conhecidos no mundo todo, como Justin Bieber e Kanye West numa era moderna se voltando para Deus, e eu acho que isso s\u00f3 enriquece\u201d, conta Clovis. Para os integrantes da Casa Worship, o projeto \u00e9 uma oportunidade de aben\u00e7oar nichos e p\u00fablicos que sonhavam em alcan\u00e7ar, mas n\u00e3o conseguiam. \u201cMusicalmente falando queremos muito quebrar essa barreira entre gospel e secular, n\u00f3s acreditamos que quando a m\u00fasica fala de amor, ela faz bem para as pessoas\u201d, diz Julliany Souza, uma das vocalistas da banda.<\/p>\n\n\n\n<figure class=\"wp-block-image\"><img src=\"https:\/\/ci6.googleusercontent.com\/proxy\/9cN3IQuwkHnUSQLvGBwa9rG4xonqkyhiJVdwcPalgdGRgBU1aLxkB5q4rpEdBGsUMuFMTQeAMjZgNXJC1RoLA83cRnmE6noo2UHgElopPT0gAXrDl2o11GxUon0TubYIuETKIUWMIclmaC3tVOWCNIhNKT4qR0s-wiJtdsY5B5P1psPro1d2vA91edm9HHkz1dxYHOSp6JTfrFU=s0-d-e1-ft#https:\/\/files.pressmanager.net\/clientes\/03953d123790de6912435dff40e88e01\/imagens\/2021\/01\/05\/d969691177cacb9555a34f13085ab1eb_medium.jpg\" alt=\"\"\/><\/figure>\n\n\n\n<figure class=\"wp-block-image\"><img src=\"https:\/\/ci3.googleusercontent.com\/proxy\/5dLpshy0WHJKa-R6GI15u08uNM70YUNzVbugVP_AYBg-N5QMa38ybbBAebSH_alLlrxAhz6P_DqlOQiZ4FOi2MkoVHdnzpbbJSyJjnF70zJA6SfIMkGbaXsyVREs_ta07qPP9DD9KIUy13p-6UCAXP-7IkERia5iV-EvtGeVintiWiZIH_gUXDMcsnqWtcU6TAkGu2UNvrFRZ7o=s0-d-e1-ft#https:\/\/files.pressmanager.net\/clientes\/03953d123790de6912435dff40e88e01\/imagens\/2021\/01\/05\/6af0e20edc2e8f896c4adf1cc312679b_medium.jpg\" alt=\"\"\/><\/figure>\n\n\n\n<p>De acordo com a Associa\u00e7\u00e3o de Empresas e Profissionais Evang\u00e9licos (Abrepe), estima-se que o estilo de m\u00fasica gospel represente 20% do mercado fonogr\u00e1fico aqui no Brasil. O g\u00eanero se fortaleceu muito no ano de 2020,&nbsp; principalmente devido \u00e0 pandemia. E isso tem motivo: um estudo da Deezer revelou que as pessoas t\u00eam buscado nas m\u00fasicas mensagens de f\u00e9, esperan\u00e7a e conforto para dentro de suas casas. O fato explica o crescimento das playlists de g\u00eanero no streaming. O levantamento ainda revelou que f\u00e3s das playlists gospel, escutam no m\u00ednimo 54% mais tempo do g\u00eanero do que outros tipos de m\u00fasicas.&nbsp;<\/p>\n\n\n\n<p>\u201cNesse tempo delicado de pandemia as pessoas se aproximaram mais de Deus e a m\u00fasica foi muitas vezes a maior aliada para expressar esse monte de sentimento. E n\u00e3o importa o se o ritmo \u00e9 sertanejo, pagode, pop, rock ou samba, o principal \u00e9 levar a mensagem de esperan\u00e7a e conforto. E nesse projeto vamos conectar grandes artistas e milh\u00f5es de f\u00e3s em torno da m\u00fasica crist\u00e3\u201d, diz Lincoln Baena, editor de gospel da Deezer.<\/p>\n\n\n\n<p>Pollyana Ferreira, editora de sertanejo e forr\u00f3 da plataforma, complementa que em 2020, o que mais viu foram novos elos se formarem e se fortalecerem por meio de can\u00e7\u00f5es. \u201cA ideia do nosso projeto \u00e9 falar com todos os apaixonados por m\u00fasica independentemente do g\u00eanero musical, e falar das conex\u00f5es que a m\u00fasica pode proporcionar entre artistas e seus p\u00fablicos\u201d, finaliza.<\/p>\n\n\n\n<p>O lan\u00e7amento dessa faixa foi feito em parceria com a Som Livre e j\u00e1 est\u00e1 dispon\u00edvel exclusivamente na Deezer (<a href=\"https:\/\/www.deezer.com\/br\/track\/1183660992\" target=\"_blank\" rel=\"noreferrer noopener\">ou\u00e7a aqui<\/a>).&nbsp;<\/p>\n","protected":false},"excerpt":{"rendered":"<p>Ap\u00f3s um ano dif\u00edcil para o mundo todo, em que tivemos que ficar t\u00e3o distantes fisicamente, que tal aproximar universos musicais para uma mensagem de uni\u00e3o? \u00c9 pensando nisso que a&nbsp;Deezer&nbsp;anuncia o lan\u00e7amento do projeto&nbsp;Conex\u00e3o Gospel, com a estreia de uma vers\u00e3o in\u00e9dita da m\u00fasica&nbsp;\u201cDeus tem um Plano\u201d, nas vozes de grandes artistas como&nbsp;Wesley, Casa [&hellip;]<\/p>\n","protected":false},"author":2,"featured_media":7258,"comment_status":"open","ping_status":"open","sticky":false,"template":"","format":"standard","meta":[],"categories":[17,5],"tags":[],"_links":{"self":[{"href":"https:\/\/dgospel.com.br\/portal\/index.php\/wp-json\/wp\/v2\/posts\/7257"}],"collection":[{"href":"https:\/\/dgospel.com.br\/portal\/index.php\/wp-json\/wp\/v2\/posts"}],"about":[{"href":"https:\/\/dgospel.com.br\/portal\/index.php\/wp-json\/wp\/v2\/types\/post"}],"author":[{"embeddable":true,"href":"https:\/\/dgospel.com.br\/portal\/index.php\/wp-json\/wp\/v2\/users\/2"}],"replies":[{"embeddable":true,"href":"https:\/\/dgospel.com.br\/portal\/index.php\/wp-json\/wp\/v2\/comments?post=7257"}],"version-history":[{"count":1,"href":"https:\/\/dgospel.com.br\/portal\/index.php\/wp-json\/wp\/v2\/posts\/7257\/revisions"}],"predecessor-version":[{"id":7259,"href":"https:\/\/dgospel.com.br\/portal\/index.php\/wp-json\/wp\/v2\/posts\/7257\/revisions\/7259"}],"wp:featuredmedia":[{"embeddable":true,"href":"https:\/\/dgospel.com.br\/portal\/index.php\/wp-json\/wp\/v2\/media\/7258"}],"wp:attachment":[{"href":"https:\/\/dgospel.com.br\/portal\/index.php\/wp-json\/wp\/v2\/media?parent=7257"}],"wp:term":[{"taxonomy":"category","embeddable":true,"href":"https:\/\/dgospel.com.br\/portal\/index.php\/wp-json\/wp\/v2\/categories?post=7257"},{"taxonomy":"post_tag","embeddable":true,"href":"https:\/\/dgospel.com.br\/portal\/index.php\/wp-json\/wp\/v2\/tags?post=7257"}],"curies":[{"name":"wp","href":"https:\/\/api.w.org\/{rel}","templated":true}]}}