{"id":7260,"date":"2021-01-05T15:55:39","date_gmt":"2021-01-05T18:55:39","guid":{"rendered":"http:\/\/dgospel.com.br\/portal\/?p=7260"},"modified":"2021-01-05T15:55:42","modified_gmt":"2021-01-05T18:55:42","slug":"cantor-gospel-vereador-rubens-uchoa-e-eleito-vice-presidente-da-camara-municipal-de-palmas","status":"publish","type":"post","link":"https:\/\/dgospel.com.br\/portal\/index.php\/2021\/01\/05\/cantor-gospel-vereador-rubens-uchoa-e-eleito-vice-presidente-da-camara-municipal-de-palmas\/","title":{"rendered":"Cantor gospel, vereador Rubens Uch\u00f4a \u00e9 eleito vice-presidente da C\u00e2mara Municipal de Palmas"},"content":{"rendered":"\n<p>O\nvereador Rubens Uchoa (Cidadania), que foi surpresa nas elei\u00e7\u00f5es em 15 de\nnovembro de 2020 em Palmas, sendo eleito com 1.250 votos, agora mais uma vez o novato surpreende os\nveteranos e \u00e9 eleito vice-presidente da C\u00e2mara Municipal da capital.<\/p>\n\n\n\n<p>Uchoa\nfoi eleito, por 10 votos contra 9 do seu concorrente o tamb\u00e9m novato vereador\nEudes Assis. A elei\u00e7\u00e3o da mesa diretora da C\u00e2mara Municipal ocorreu na\nsexta-feira, 01, em vota\u00e7\u00e3o realizada na cerim\u00f4nia de posse dos vereadores\neleitos para a legislatura 2021-2024.<\/p>\n\n\n\n<p>Rubens Uchoa, que \u00e9 cantor gospel, e presb\u00edtero da Assembleia de Deus\nCIADSETA, foi eleito a vereador em 15 de novembro de 2020, com 1.250 votos,\nsendo o segundo candidato a vereador mais bem votado do partido (Cidadania), e\no 13\u00ba mais votado entre os 19 vereadores eleitos na capital.<\/p>\n\n\n\n<p>Com\na nova conquista como vice-presidente da C\u00e2mara Municipal da capital, Uchoa inicia sua carreira\npol\u00edtica com muita moral, e passa a ser visto pelos caciques da pol\u00edtica\ntocantinense como um nome promissor e de muita credibilidade no meio pol\u00edtico.&nbsp;&nbsp; <\/p>\n\n\n\n<p><strong>Presidente<\/strong><\/p>\n\n\n\n<p>A vereadora\nprofessora Janad Valcari (Podemos)&nbsp;foi eleita presidente da casa para o\nbi\u00eanio 2021\/2022. Janad que foi eleita em 15 de novembro passado para o seu\nprimeiro mandato de vereadora, foi eleita presidente da C\u00e2mara com 12 votos. <\/p>\n\n\n\n<p>Janad derrotou o\ncandidato da prefeita Cinthia Ribeiro (PSDB), vereador Rog\u00e9rio Freitas (MDB),\nque obteve 7 votos.<\/p>\n","protected":false},"excerpt":{"rendered":"<p>O vereador Rubens Uchoa (Cidadania), que foi surpresa nas elei\u00e7\u00f5es em 15 de novembro de 2020 em Palmas, sendo eleito com 1.250 votos, agora mais uma vez o novato surpreende os veteranos e \u00e9 eleito vice-presidente da C\u00e2mara Municipal da capital. Uchoa foi eleito, por 10 votos contra 9 do seu concorrente o tamb\u00e9m novato [&hellip;]<\/p>\n","protected":false},"author":2,"featured_media":7261,"comment_status":"open","ping_status":"open","sticky":false,"template":"","format":"standard","meta":[],"categories":[8,4],"tags":[13],"_links":{"self":[{"href":"https:\/\/dgospel.com.br\/portal\/index.php\/wp-json\/wp\/v2\/posts\/7260"}],"collection":[{"href":"https:\/\/dgospel.com.br\/portal\/index.php\/wp-json\/wp\/v2\/posts"}],"about":[{"href":"https:\/\/dgospel.com.br\/portal\/index.php\/wp-json\/wp\/v2\/types\/post"}],"author":[{"embeddable":true,"href":"https:\/\/dgospel.com.br\/portal\/index.php\/wp-json\/wp\/v2\/users\/2"}],"replies":[{"embeddable":true,"href":"https:\/\/dgospel.com.br\/portal\/index.php\/wp-json\/wp\/v2\/comments?post=7260"}],"version-history":[{"count":1,"href":"https:\/\/dgospel.com.br\/portal\/index.php\/wp-json\/wp\/v2\/posts\/7260\/revisions"}],"predecessor-version":[{"id":7262,"href":"https:\/\/dgospel.com.br\/portal\/index.php\/wp-json\/wp\/v2\/posts\/7260\/revisions\/7262"}],"wp:featuredmedia":[{"embeddable":true,"href":"https:\/\/dgospel.com.br\/portal\/index.php\/wp-json\/wp\/v2\/media\/7261"}],"wp:attachment":[{"href":"https:\/\/dgospel.com.br\/portal\/index.php\/wp-json\/wp\/v2\/media?parent=7260"}],"wp:term":[{"taxonomy":"category","embeddable":true,"href":"https:\/\/dgospel.com.br\/portal\/index.php\/wp-json\/wp\/v2\/categories?post=7260"},{"taxonomy":"post_tag","embeddable":true,"href":"https:\/\/dgospel.com.br\/portal\/index.php\/wp-json\/wp\/v2\/tags?post=7260"}],"curies":[{"name":"wp","href":"https:\/\/api.w.org\/{rel}","templated":true}]}}