{"id":7263,"date":"2021-01-07T09:11:11","date_gmt":"2021-01-07T12:11:11","guid":{"rendered":"http:\/\/dgospel.com.br\/portal\/?p=7263"},"modified":"2021-01-07T09:11:15","modified_gmt":"2021-01-07T12:11:15","slug":"dia-da-liberdade-de-culto-no-brasil-levanta-questoes-sobre-o-tema-no-mundo","status":"publish","type":"post","link":"https:\/\/dgospel.com.br\/portal\/index.php\/2021\/01\/07\/dia-da-liberdade-de-culto-no-brasil-levanta-questoes-sobre-o-tema-no-mundo\/","title":{"rendered":"Dia da Liberdade de Culto no Brasil levanta quest\u00f5es sobre o tema no mundo"},"content":{"rendered":"\n<p>O dia 7 de janeiro \u00e9 marcado como uma data especial: o Dia da Liberdade de Culto.&nbsp;<\/p>\n\n\n\n<p>&nbsp;A primeira lei nesse sentido foi assinada pelo presidente Marechal Deodoro da Fonseca em 1890. Na Constitui\u00e7\u00e3o brasileira de 1988, o artigo 5 trata do assunto: \u201c\u00e9 inviol\u00e1vel a liberdade de consci\u00eancia e de cren\u00e7a, sendo assegurado o livre exerc\u00edcio dos cultos religiosos e garantida, na forma da lei, a prote\u00e7\u00e3o aos locais de culto e a suas liturgias\u201d.<\/p>\n\n\n\n<p>Na Declara\u00e7\u00e3o Universal dos Direitos Humanos (DUDH), o artigo 18 prev\u00ea a qualquer pessoa o direito de escolher uma f\u00e9 e segui-la. \u201cTodo ser humano tem direito \u00e0 liberdade de pensamento, consci\u00eancia e religi\u00e3o; esse direito inclui a liberdade de mudar de religi\u00e3o ou cren\u00e7a e a liberdade de manifestar essa religi\u00e3o ou cren\u00e7a pelo ensino, pela pr\u00e1tica, pelo culto e pela observ\u00e2ncia, isolada ou coletivamente, em p\u00fablico ou em particular.\u201d<\/p>\n\n\n\n<p>Mas esse direito n\u00e3o \u00e9 respeitado em todos os pa\u00edses. A Portas Abertas trabalha para que crist\u00e3os que enfrentam persegui\u00e7\u00e3o por seguir a Cristo tenham esse benef\u00edcio garantido. O&nbsp;<a href=\"https:\/\/www.portasabertas.org.br\/noticias\/cristaos-perseguidos\/pastor-wang-yi-e-condenado-a-9-anos-de-prisao-na-china\" target=\"_blank\" rel=\"noreferrer noopener\">pastor Wang Yi&nbsp;<\/a>\u00e9 um exemplo na China. Ele foi condenado a nove anos de pris\u00e3o por \u201csubvers\u00e3o do poder estatal\u201d; isso aconteceu porque ele era um dos l\u00edderes de uma igreja clandestina, que n\u00e3o se amoldava aos padr\u00f5es exigidos pelo Estado comunista.<\/p>\n\n\n\n<p>J\u00e1 no Oriente M\u00e9dio \u00e9 comum que o islamismo seja a religi\u00e3o oficial de muitos pa\u00edses. Pregar a Cristo na regi\u00e3o \u00e9 proibido e a mudan\u00e7a de religi\u00e3o pode ser punida com a pris\u00e3o e at\u00e9 a morte. Por isso, se algu\u00e9m deseja levar B\u00edblias para l\u00e1, deve fazer em total sigilo.&nbsp;<a href=\"https:\/\/www.portasabertas.org.br\/noticias\/cristaos-perseguidos\/contrabandista-de-biblia-e-preso-e-compartilha-jesus-na-cadeia\" target=\"_blank\" rel=\"noreferrer noopener\">John*<\/a>&nbsp;\u00e9 um crist\u00e3o que correu os riscos de propagar o evangelho na regi\u00e3o. Ele foi preso por causa da literatura crist\u00e3 que carregava na bagagem. Mas mesmo na pris\u00e3o, compartilhou sobre Jesus com um policial e, para a surpresa dele, a autoridade reconheceu Cristo como salvador.<\/p>\n\n\n\n<p><em>*Nomes alterados por seguran\u00e7a.<\/em><\/p>\n\n\n\n<p><a href=\"https:\/\/www.portasabertas.org.br\/como-se-envolver\/campanhas\" target=\"_blank\" rel=\"noreferrer noopener\">Apoie as campanhas da Portas Abertas<\/a><\/p>\n\n\n\n<p>Mais de 260 milh\u00f5es de crist\u00e3os em todo mundo enfrentam persegui\u00e7\u00e3o por causa da f\u00e9 em Jesus. Como resposta \u00e0s necessidades deles, a&nbsp;<a href=\"http:\/\/www.portasabertas.org.br\/\" target=\"_blank\" rel=\"noreferrer noopener\">Portas Abertas<\/a>&nbsp;promove campanhas de treinamento e discipulado, distribui\u00e7\u00e3o de B\u00edblias e literatura crist\u00e3, assist\u00eancia jur\u00eddica e m\u00e9dica, e ajuda socioecon\u00f4mica.&nbsp;<a href=\"https:\/\/www.portasabertas.org.br\/como-se-envolver\/campanhas\" rel=\"noreferrer noopener\" target=\"_blank\">Conhe\u00e7a os projetos e contribua<\/a>&nbsp;para o fortalecimento de irm\u00e3os e irm\u00e3s da Igreja Perseguida.<\/p>\n","protected":false},"excerpt":{"rendered":"<p>O dia 7 de janeiro \u00e9 marcado como uma data especial: o Dia da Liberdade de Culto.&nbsp; &nbsp;A primeira lei nesse sentido foi assinada pelo presidente Marechal Deodoro da Fonseca em 1890. Na Constitui\u00e7\u00e3o brasileira de 1988, o artigo 5 trata do assunto: \u201c\u00e9 inviol\u00e1vel a liberdade de consci\u00eancia e de cren\u00e7a, sendo assegurado o [&hellip;]<\/p>\n","protected":false},"author":2,"featured_media":7264,"comment_status":"open","ping_status":"open","sticky":false,"template":"","format":"standard","meta":[],"categories":[5],"tags":[],"_links":{"self":[{"href":"https:\/\/dgospel.com.br\/portal\/index.php\/wp-json\/wp\/v2\/posts\/7263"}],"collection":[{"href":"https:\/\/dgospel.com.br\/portal\/index.php\/wp-json\/wp\/v2\/posts"}],"about":[{"href":"https:\/\/dgospel.com.br\/portal\/index.php\/wp-json\/wp\/v2\/types\/post"}],"author":[{"embeddable":true,"href":"https:\/\/dgospel.com.br\/portal\/index.php\/wp-json\/wp\/v2\/users\/2"}],"replies":[{"embeddable":true,"href":"https:\/\/dgospel.com.br\/portal\/index.php\/wp-json\/wp\/v2\/comments?post=7263"}],"version-history":[{"count":2,"href":"https:\/\/dgospel.com.br\/portal\/index.php\/wp-json\/wp\/v2\/posts\/7263\/revisions"}],"predecessor-version":[{"id":7266,"href":"https:\/\/dgospel.com.br\/portal\/index.php\/wp-json\/wp\/v2\/posts\/7263\/revisions\/7266"}],"wp:featuredmedia":[{"embeddable":true,"href":"https:\/\/dgospel.com.br\/portal\/index.php\/wp-json\/wp\/v2\/media\/7264"}],"wp:attachment":[{"href":"https:\/\/dgospel.com.br\/portal\/index.php\/wp-json\/wp\/v2\/media?parent=7263"}],"wp:term":[{"taxonomy":"category","embeddable":true,"href":"https:\/\/dgospel.com.br\/portal\/index.php\/wp-json\/wp\/v2\/categories?post=7263"},{"taxonomy":"post_tag","embeddable":true,"href":"https:\/\/dgospel.com.br\/portal\/index.php\/wp-json\/wp\/v2\/tags?post=7263"}],"curies":[{"name":"wp","href":"https:\/\/api.w.org\/{rel}","templated":true}]}}