{"id":7267,"date":"2021-01-07T09:23:38","date_gmt":"2021-01-07T12:23:38","guid":{"rendered":"http:\/\/dgospel.com.br\/portal\/?p=7267"},"modified":"2021-01-07T09:23:41","modified_gmt":"2021-01-07T12:23:41","slug":"marido-de-amanda-wanessa-vai-dar-tudo-certo-deus-e-fiel","status":"publish","type":"post","link":"https:\/\/dgospel.com.br\/portal\/index.php\/2021\/01\/07\/marido-de-amanda-wanessa-vai-dar-tudo-certo-deus-e-fiel\/","title":{"rendered":"Marido de Amanda Wanessa: \u201cVai dar tudo certo. Deus \u00e9 fiel\u201d"},"content":{"rendered":"\n<p>O marido da\ncantora&nbsp;<a href=\"https:\/\/pleno.news\/tag\/amanda-wanessa\" target=\"_blank\" rel=\"noreferrer noopener\">Amanda Wanessa<\/a>, Dobson Santos, falou sobre a\nsitua\u00e7\u00e3o da esposa, que segue internada no Hospital Portugu\u00eas, no&nbsp;<a href=\"https:\/\/pleno.news\/tag\/recife\" target=\"_blank\" rel=\"noreferrer noopener\">Recife<\/a>&nbsp;(PE),\nse recuperando de um grave acidente de carro sofrido na \u00faltima segunda-feira\n(4). Em uma breve mensagem, Dobson disse que a recupera\u00e7\u00e3o de Wanessa segue\ngradativa e que os sedativos devem ser reduzidos a partir desta quinta-feira\n(7).<\/p>\n\n\n\n<p>\u2013 Amanda est\u00e1 se\nrecuperando cada vez mais, melhorando a cada dia. A partir de quinta, os\nm\u00e9dicos v\u00e3o diminuir os sedativos para ela reagir de forma natural. Vai dar\ntudo certo. Deus \u00e9 fiel! \u2013 afirmou. <\/p>\n\n\n\n<p>Na quarta-feira\n(6), a fam\u00edlia j\u00e1 havia recebido uma outra boa not\u00edcia: a sa\u00edda da filha do\ncasal, a pequena Mel, de seis anos, do hospital. Ap\u00f3s o acidente, a crian\u00e7a\nprecisou passar por uma cirurgia no ombro e na perna em raz\u00e3o dos ferimentos\ncausados pela colis\u00e3o, mas teve boa recupera\u00e7\u00e3o e saiu do local apenas dois\ndias ap\u00f3s ser internada.<\/p>\n\n\n\n<p><strong>O ACIDENTE<br>\n<\/strong>A cantora Amanda Wanessa sofreu um acidente grave de carro, em Barreiros\n(PE), na segunda-feira. Por conta dos ferimentos, ela teve que ser levada para\na Unidade de Tratamento Intensivo (UTI) do Real Hospital Portugu\u00eas, em Recife.<\/p>\n\n\n\n<p>O autom\u00f3vel no qual\nAmanda estava se envolveu em uma batida com um caminh\u00e3o. O acidente aconteceu\nna rodovia PE-60. Amanda Wanessa estava desacordada quando foi retirada das\nferragens do ve\u00edculo. Ela estava no banco do motorista, uma vez que conduzia o\ncarro.<\/p>\n\n\n\n<p>Outras pessoas,\nincluindo Odilon, pai de Amanda, e a filha da cantora, Mel, estavam no\nautom\u00f3vel. Dobson, esposo da cantora, n\u00e3o estava no ve\u00edculo. Apesar do\nacidente, os feridos se recuperaram rapidamente e passam bem. Amanda foi a\n\u00fanica a ter ferimentos mais graves, com fraturas m\u00faltiplas, e por isso precisou\nser sedada.<\/p>\n\n\n\n<p>Fonte: pleno.news<\/p>\n","protected":false},"excerpt":{"rendered":"<p>O marido da cantora&nbsp;Amanda Wanessa, Dobson Santos, falou sobre a situa\u00e7\u00e3o da esposa, que segue internada no Hospital Portugu\u00eas, no&nbsp;Recife&nbsp;(PE), se recuperando de um grave acidente de carro sofrido na \u00faltima segunda-feira (4). Em uma breve mensagem, Dobson disse que a recupera\u00e7\u00e3o de Wanessa segue gradativa e que os sedativos devem ser reduzidos a partir [&hellip;]<\/p>\n","protected":false},"author":2,"featured_media":7268,"comment_status":"open","ping_status":"open","sticky":false,"template":"","format":"standard","meta":[],"categories":[17,5],"tags":[],"_links":{"self":[{"href":"https:\/\/dgospel.com.br\/portal\/index.php\/wp-json\/wp\/v2\/posts\/7267"}],"collection":[{"href":"https:\/\/dgospel.com.br\/portal\/index.php\/wp-json\/wp\/v2\/posts"}],"about":[{"href":"https:\/\/dgospel.com.br\/portal\/index.php\/wp-json\/wp\/v2\/types\/post"}],"author":[{"embeddable":true,"href":"https:\/\/dgospel.com.br\/portal\/index.php\/wp-json\/wp\/v2\/users\/2"}],"replies":[{"embeddable":true,"href":"https:\/\/dgospel.com.br\/portal\/index.php\/wp-json\/wp\/v2\/comments?post=7267"}],"version-history":[{"count":1,"href":"https:\/\/dgospel.com.br\/portal\/index.php\/wp-json\/wp\/v2\/posts\/7267\/revisions"}],"predecessor-version":[{"id":7269,"href":"https:\/\/dgospel.com.br\/portal\/index.php\/wp-json\/wp\/v2\/posts\/7267\/revisions\/7269"}],"wp:featuredmedia":[{"embeddable":true,"href":"https:\/\/dgospel.com.br\/portal\/index.php\/wp-json\/wp\/v2\/media\/7268"}],"wp:attachment":[{"href":"https:\/\/dgospel.com.br\/portal\/index.php\/wp-json\/wp\/v2\/media?parent=7267"}],"wp:term":[{"taxonomy":"category","embeddable":true,"href":"https:\/\/dgospel.com.br\/portal\/index.php\/wp-json\/wp\/v2\/categories?post=7267"},{"taxonomy":"post_tag","embeddable":true,"href":"https:\/\/dgospel.com.br\/portal\/index.php\/wp-json\/wp\/v2\/tags?post=7267"}],"curies":[{"name":"wp","href":"https:\/\/api.w.org\/{rel}","templated":true}]}}