{"id":728,"date":"2018-07-10T08:46:50","date_gmt":"2018-07-10T11:46:50","guid":{"rendered":"http:\/\/dgospel.com.br\/portal\/?p=728"},"modified":"2018-07-10T08:46:50","modified_gmt":"2018-07-10T11:46:50","slug":"brigadistas-passam-por-curso-para-atuarem-no-combate-as-queimadas-em-palmas","status":"publish","type":"post","link":"https:\/\/dgospel.com.br\/portal\/index.php\/2018\/07\/10\/brigadistas-passam-por-curso-para-atuarem-no-combate-as-queimadas-em-palmas\/","title":{"rendered":"Brigadistas passam por curso para atuarem no combate \u00e0s queimadas em Palmas"},"content":{"rendered":"<p class=\"yiv2725487927MsoNormal\">Come\u00e7ou nesta segunda-feira, 09, o curso para forma\u00e7\u00e3o de brigadistas da Capital. O curso ser\u00e1 ministrado pela Defesa Civil de Palmas e ter\u00e1 in\u00edcio \u00e0s 8 horas, na sede da Defesa Civil, Arse 50, Avenida NS 02, ao lado da Garagem Central do Munic\u00edpio.<\/p>\n<p class=\"yiv2725487927MsoNormal\">As aulas ir\u00e3o preparar equipes para atuar no combate aos inc\u00eandios florestais e queimadas urbanas, propiciando o emprego de t\u00e9cnicas adequadas \u00e0s atividades, bem como a coordena\u00e7\u00e3o e o controle efetivo empregado.<\/p>\n<p class=\"yiv2725487927MsoNormal\">Aproximadamente 15 candidatos devem participar do curso de forma\u00e7\u00e3o que ter\u00e1 carga hor\u00e1ria de 30 horas\/aulas com as seguintes disciplinas: no\u00e7\u00f5es b\u00e1sicas de defesa civil, primeiros socorros, atividades de combate a inc\u00eandios, no\u00e7\u00f5es de dire\u00e7\u00e3o defensiva e condu\u00e7\u00e3o de ve\u00edculo oficial, comunica\u00e7\u00e3o interna, uso do aplicativo Brigada 199.<\/p>\n<p class=\"yiv2725487927MsoNormal\">Para o superintendente municipal de Defesa Civil, Bruno Maciel, a forma\u00e7\u00e3o te\u00f3rica e pr\u00e1tica dos brigadistas \u00e9 fundamental para as atividades em campo. \u201cA capacita\u00e7\u00e3o dos brigadistas pela Defesa Civil \u00e9 necess\u00e1ria para boa atua\u00e7\u00e3o e sucesso no combate \u00e0s queimadas florestais e urbanas\u201d, disse<\/p>\n<p class=\"yiv2725487927MsoNormal\">\n","protected":false},"excerpt":{"rendered":"<p>Come\u00e7ou nesta segunda-feira, 09, o curso para forma\u00e7\u00e3o de brigadistas da Capital. O curso ser\u00e1 ministrado pela Defesa Civil de Palmas e ter\u00e1 in\u00edcio \u00e0s 8 horas, na sede da Defesa Civil, Arse 50, Avenida NS 02, ao lado da Garagem Central do Munic\u00edpio. As aulas ir\u00e3o preparar equipes para atuar no combate aos inc\u00eandios [&hellip;]<\/p>\n","protected":false},"author":2,"featured_media":729,"comment_status":"open","ping_status":"open","sticky":false,"template":"","format":"standard","meta":[],"categories":[2,3],"tags":[],"_links":{"self":[{"href":"https:\/\/dgospel.com.br\/portal\/index.php\/wp-json\/wp\/v2\/posts\/728"}],"collection":[{"href":"https:\/\/dgospel.com.br\/portal\/index.php\/wp-json\/wp\/v2\/posts"}],"about":[{"href":"https:\/\/dgospel.com.br\/portal\/index.php\/wp-json\/wp\/v2\/types\/post"}],"author":[{"embeddable":true,"href":"https:\/\/dgospel.com.br\/portal\/index.php\/wp-json\/wp\/v2\/users\/2"}],"replies":[{"embeddable":true,"href":"https:\/\/dgospel.com.br\/portal\/index.php\/wp-json\/wp\/v2\/comments?post=728"}],"version-history":[{"count":1,"href":"https:\/\/dgospel.com.br\/portal\/index.php\/wp-json\/wp\/v2\/posts\/728\/revisions"}],"predecessor-version":[{"id":730,"href":"https:\/\/dgospel.com.br\/portal\/index.php\/wp-json\/wp\/v2\/posts\/728\/revisions\/730"}],"wp:featuredmedia":[{"embeddable":true,"href":"https:\/\/dgospel.com.br\/portal\/index.php\/wp-json\/wp\/v2\/media\/729"}],"wp:attachment":[{"href":"https:\/\/dgospel.com.br\/portal\/index.php\/wp-json\/wp\/v2\/media?parent=728"}],"wp:term":[{"taxonomy":"category","embeddable":true,"href":"https:\/\/dgospel.com.br\/portal\/index.php\/wp-json\/wp\/v2\/categories?post=728"},{"taxonomy":"post_tag","embeddable":true,"href":"https:\/\/dgospel.com.br\/portal\/index.php\/wp-json\/wp\/v2\/tags?post=728"}],"curies":[{"name":"wp","href":"https:\/\/api.w.org\/{rel}","templated":true}]}}