{"id":7281,"date":"2021-01-11T17:59:41","date_gmt":"2021-01-11T20:59:41","guid":{"rendered":"http:\/\/dgospel.com.br\/portal\/?p=7281"},"modified":"2021-01-11T17:59:43","modified_gmt":"2021-01-11T20:59:43","slug":"palmenses-que-retornarem-de-viagem-devem-cumprir-medidas-de-prevencao-e-controle-da-covid-19","status":"publish","type":"post","link":"https:\/\/dgospel.com.br\/portal\/index.php\/2021\/01\/11\/palmenses-que-retornarem-de-viagem-devem-cumprir-medidas-de-prevencao-e-controle-da-covid-19\/","title":{"rendered":"Palmenses que retornarem de viagem devem cumprir medidas de preven\u00e7\u00e3o e controle da Covid-19"},"content":{"rendered":"\n<p>Com objetivo de garantir o cumprimento das medidas de conten\u00e7\u00e3o da Covid-19 em Palmas, a Secretaria Municipal da Sa\u00fade (Semus) refor\u00e7a a necessidade de aten\u00e7\u00e3o aos protocolos de seguran\u00e7a recomendados pela Organiza\u00e7\u00e3o Mundial de Sa\u00fade (OMS), especialmente no in\u00edcio do ano quando muitas pessoas viajam para outras cidades, embora viagens n\u00e3o sejam recomendadas pelo Munic\u00edpio neste per\u00edodo pand\u00eamico. Por isso, a pasta informa que as pessoas que retornarem \u00e0 Capital devem seguir as seguintes orienta\u00e7\u00f5es:&nbsp;<\/p>\n\n\n\n<p>&#8211; Isolamento domiciliar pelo prazo m\u00ednimo de sete dias;<\/p>\n\n\n\n<p>&#8211; Se a pessoa esteve em viagem nos \u00faltimos 14 dias e apresentar febre, tosse e dificuldade de respirar, dever\u00e1 procurar atendimento m\u00e9dico imediatamente e informar detalhadamente o hist\u00f3rico da viagem, bem como os locais visitados anteriormente;<\/p>\n\n\n\n<p>&#8211; Evitar contato com outras pessoas e ficar em casa, principalmente se estiver com sintomas;<\/p>\n\n\n\n<p>&#8211; Refor\u00e7ar a ado\u00e7\u00e3o de medidas necess\u00e1rias b\u00e1sicas dos cuidados para evitar a transmiss\u00e3o do v\u00edrus;<\/p>\n\n\n\n<p>&#8211; Lavar as m\u00e3os frequentemente com \u00e1gua e sab\u00e3o por pelo menos 20 segundos, especialmente antes de ingerir alimentos ou utilizar \u00e1lcool em gel &nbsp;70%;<\/p>\n\n\n\n<p>&#8211; N\u00e3o compartilhar objetos de uso pessoal, como talheres, pratos e outros utens\u00edlios;<\/p>\n\n\n\n<p>&#8211; Evitar tocar mucosas dos olhos, nariz e boca sem que as m\u00e3os n\u00e3o estejam higienizadas;<\/p>\n\n\n\n<p>&#8211; Proteger a boca e o nariz com um len\u00e7o de papel (descarte logo ap\u00f3s o uso) ou com o bra\u00e7o (e n\u00e3o as m\u00e3os) ao tossir ou espirrar;<\/p>\n\n\n\n<p>&#8211; Recordar que notas de papel, moedas e aparelhos celulares podem ser fontes de contamina\u00e7\u00e3o e por isso recomenda-se o cuidado de refor\u00e7ar a higieniza\u00e7\u00e3o das m\u00e3os.<\/p>\n\n\n\n<p><strong>Onde e quando procurar ajuda?<\/strong><\/p>\n\n\n\n<p>Em Palmas h\u00e1 34 Unidades de Sa\u00fade da Fam\u00edlia (USFs), distribu\u00eddas em todas as regi\u00f5es da Capital e duas Unidades de Pronto Atendimento (UPAs), a Norte e a Sul. O Munic\u00edpio conta ainda com quatro unidades sentinelas que funcionam aos finais de semana e feriados, no per\u00edodo das 7 \u00e0s 19 horas.&nbsp;<\/p>\n\n\n\n<p>Caso o paciente tenha sintomas como coriza, febre e tosse, dever\u00e1 procurar uma das 34 USFs. J\u00e1 em casos mais graves, quando o paciente apresenta, al\u00e9m de coriza e febre, falta de ar, ele deve buscar atendimento nas Unidades de Pronto Atendimento (Upas) Norte ou Sul.<\/p>\n\n\n\n<p><strong>Como fazer os testes?&nbsp;<\/strong><\/p>\n\n\n\n<p>O teste est\u00e1 dispon\u00edvel nas 34 USFs de Palmas. Ao apresentar os sintomas da Covid-19, a pessoa deve procurar uma Unidade de Sa\u00fade da Fam\u00edlia no hor\u00e1rio de funcionamento das 7 \u00e0s 19h, de segunda a sexta-feira, e agendar a realiza\u00e7\u00e3o do teste da Covid-19.&nbsp;<\/p>\n\n\n\n<p>Aos finais de semana e feriados, o paciente pode procurar uma das quatro unidades sentinelas da Capital, que funciona aos s\u00e1bados, domingos e feriados. S\u00e3o elas: USF da Arno 61 (503 Norte); Eug\u00eanio Pinheiro, localizada no Aureny I, Taquari e Walter Pereira Morato, no distrito de Taquaru\u00e7u (essa \u00faltima funciona 24 horas).&nbsp;<\/p>\n\n\n\n<p>Em caso de d\u00favidas, a popula\u00e7\u00e3o pode ligar ou mandar mensagem para o Disque Zap Coronav\u00edrus, por meio dos n\u00fameros (63) 3218-5643 e (63) 3218-5458. Os atendimentos por telefone s\u00e3o de segunda a sexta-feira. J\u00e1 pelo WhatsApp acontecem todos os dias, sempre das 7 \u00e0s 19 horas.<\/p>\n","protected":false},"excerpt":{"rendered":"<p>Com objetivo de garantir o cumprimento das medidas de conten\u00e7\u00e3o da Covid-19 em Palmas, a Secretaria Municipal da Sa\u00fade (Semus) refor\u00e7a a necessidade de aten\u00e7\u00e3o aos protocolos de seguran\u00e7a recomendados pela Organiza\u00e7\u00e3o Mundial de Sa\u00fade (OMS), especialmente no in\u00edcio do ano quando muitas pessoas viajam para outras cidades, embora viagens n\u00e3o sejam recomendadas pelo Munic\u00edpio [&hellip;]<\/p>\n","protected":false},"author":2,"featured_media":7282,"comment_status":"open","ping_status":"open","sticky":false,"template":"","format":"standard","meta":[],"categories":[3],"tags":[13],"_links":{"self":[{"href":"https:\/\/dgospel.com.br\/portal\/index.php\/wp-json\/wp\/v2\/posts\/7281"}],"collection":[{"href":"https:\/\/dgospel.com.br\/portal\/index.php\/wp-json\/wp\/v2\/posts"}],"about":[{"href":"https:\/\/dgospel.com.br\/portal\/index.php\/wp-json\/wp\/v2\/types\/post"}],"author":[{"embeddable":true,"href":"https:\/\/dgospel.com.br\/portal\/index.php\/wp-json\/wp\/v2\/users\/2"}],"replies":[{"embeddable":true,"href":"https:\/\/dgospel.com.br\/portal\/index.php\/wp-json\/wp\/v2\/comments?post=7281"}],"version-history":[{"count":1,"href":"https:\/\/dgospel.com.br\/portal\/index.php\/wp-json\/wp\/v2\/posts\/7281\/revisions"}],"predecessor-version":[{"id":7283,"href":"https:\/\/dgospel.com.br\/portal\/index.php\/wp-json\/wp\/v2\/posts\/7281\/revisions\/7283"}],"wp:featuredmedia":[{"embeddable":true,"href":"https:\/\/dgospel.com.br\/portal\/index.php\/wp-json\/wp\/v2\/media\/7282"}],"wp:attachment":[{"href":"https:\/\/dgospel.com.br\/portal\/index.php\/wp-json\/wp\/v2\/media?parent=7281"}],"wp:term":[{"taxonomy":"category","embeddable":true,"href":"https:\/\/dgospel.com.br\/portal\/index.php\/wp-json\/wp\/v2\/categories?post=7281"},{"taxonomy":"post_tag","embeddable":true,"href":"https:\/\/dgospel.com.br\/portal\/index.php\/wp-json\/wp\/v2\/tags?post=7281"}],"curies":[{"name":"wp","href":"https:\/\/api.w.org\/{rel}","templated":true}]}}