{"id":7284,"date":"2021-01-11T18:42:00","date_gmt":"2021-01-11T21:42:00","guid":{"rendered":"http:\/\/dgospel.com.br\/portal\/?p=7284"},"modified":"2021-01-11T18:42:01","modified_gmt":"2021-01-11T21:42:01","slug":"medicos-retiram-sedativos-da-cantora-amanda-wanessa","status":"publish","type":"post","link":"https:\/\/dgospel.com.br\/portal\/index.php\/2021\/01\/11\/medicos-retiram-sedativos-da-cantora-amanda-wanessa\/","title":{"rendered":"M\u00e9dicos retiram sedativos da cantora Amanda Wanessa"},"content":{"rendered":"\n<p>Devido a mais um sinal de melhora no quadro de sa\u00fade depois do grave acidente ocorrido na \u00faltima segunda-feira (4), em&nbsp;<a href=\"https:\/\/pleno.news\/tag\/pernambuco\" target=\"_blank\" rel=\"noreferrer noopener\">Pernambuco<\/a>, os m\u00e9dicos retiraram completamente o uso de sedativos na cantora&nbsp;<a href=\"https:\/\/pleno.news\/tag\/amanda-wanessa\" target=\"_blank\" rel=\"noreferrer noopener\">Amanda Wanessa<\/a>&nbsp;no domingo (10), segundo a fam\u00edlia. De acordo com o cunhado de Amanda, Denilson Santos, os exames realizados na artista deram \u201c\u00f3timos\u201d resultados.<\/p>\n\n\n\n<p>\u2013 Para a gl\u00f3ria de Deus, a nossa Amanda Wanessa est\u00e1 reagindo bem e evoluindo a cada dia. Os m\u00e9dicos zeraram os sedativos, a press\u00e3o normalizou, e os exames est\u00e3o \u00f3timos. Deus est\u00e1 operando milagres! Continuamos contando com a ora\u00e7\u00e3o de todos \u2013 disse.<\/p>\n\n\n\n<p> Ao longo dos \u00faltimos dias, Amanda tem apresentado \u00f3tima evolu\u00e7\u00e3o de sa\u00fade. Na sexta-feira (8), o pr\u00f3prio Denilson j\u00e1 havia informado que a artista estava mexendo os bra\u00e7os e as pernas, em um sinal de que n\u00e3o houve qualquer dano aos movimentos do corpo, apesar do forte impacto sofrido por ela na colis\u00e3o. <\/p>\n\n\n\n<p><strong>AMIGA DE AMANDA WANESSA SEGUE EM REPOUSO<br><\/strong>A cantora Juciara Pimentel, amiga de Amanda que tamb\u00e9m estava no carro, segue sendo medicada e continua em repouso, de acordo com a fam\u00edlia. Segundo a tia da artista, Edileide Gomes, Juciara ainda est\u00e1 \u201cfragilizada emocionalmente\u201d e sente dores com frequ\u00eancia por conta dos ferimentos causados pela colis\u00e3o.<\/p>\n\n\n\n<p>\u2013 Ela est\u00e1 sendo medicada e fazendo curativos diariamente. Ainda muito fragilizada emocionalmente, ela n\u00e3o est\u00e1 recebendo visitas e n\u00e3o se sente bem em falar sobre o assunto. As dores ainda s\u00e3o constantes e ela precisa de repouso, cuidados e apoio. Agradecemos as ora\u00e7\u00f5es e o carinho de todos \u2013 escreveu Edileide nas redes sociais.<\/p>\n\n\n\n<p><strong>O ACIDENTE<br><\/strong>A cantora Amanda Wanessa sofreu um acidente grave de carro, em Barreiros (PE), na segunda-feira (4). Por conta dos ferimentos, ela teve que ser levada para a Unidade de Tratamento Intensivo (UTI) do Real Hospital Portugu\u00eas, em Recife.<\/p>\n\n\n\n<p><br>O autom\u00f3vel no qual Amanda estava se envolveu em uma batida com um caminh\u00e3o. O acidente aconteceu na rodovia PE-60. Amanda Wanessa estava desacordada quando foi retirada das ferragens do ve\u00edculo. Ela estava no banco do motorista, uma vez que conduzia o carro.<\/p>\n\n\n\n<p>Outras pessoas, incluindo Odilon, pai de Amanda, e a filha da cantora, Mel, estavam no autom\u00f3vel. Dobson, esposo da cantora, n\u00e3o estava no ve\u00edculo. Apesar do acidente, os feridos se recuperaram rapidamente e passam bem. Amanda foi a \u00fanica a ter ferimentos mais graves, com fraturas m\u00faltiplas, por isso precisou ser sedada.<br><\/p>\n","protected":false},"excerpt":{"rendered":"<p>Devido a mais um sinal de melhora no quadro de sa\u00fade depois do grave acidente ocorrido na \u00faltima segunda-feira (4), em&nbsp;Pernambuco, os m\u00e9dicos retiraram completamente o uso de sedativos na cantora&nbsp;Amanda Wanessa&nbsp;no domingo (10), segundo a fam\u00edlia. De acordo com o cunhado de Amanda, Denilson Santos, os exames realizados na artista deram \u201c\u00f3timos\u201d resultados. \u2013 [&hellip;]<\/p>\n","protected":false},"author":2,"featured_media":7285,"comment_status":"open","ping_status":"open","sticky":false,"template":"","format":"standard","meta":[],"categories":[17,5],"tags":[],"_links":{"self":[{"href":"https:\/\/dgospel.com.br\/portal\/index.php\/wp-json\/wp\/v2\/posts\/7284"}],"collection":[{"href":"https:\/\/dgospel.com.br\/portal\/index.php\/wp-json\/wp\/v2\/posts"}],"about":[{"href":"https:\/\/dgospel.com.br\/portal\/index.php\/wp-json\/wp\/v2\/types\/post"}],"author":[{"embeddable":true,"href":"https:\/\/dgospel.com.br\/portal\/index.php\/wp-json\/wp\/v2\/users\/2"}],"replies":[{"embeddable":true,"href":"https:\/\/dgospel.com.br\/portal\/index.php\/wp-json\/wp\/v2\/comments?post=7284"}],"version-history":[{"count":1,"href":"https:\/\/dgospel.com.br\/portal\/index.php\/wp-json\/wp\/v2\/posts\/7284\/revisions"}],"predecessor-version":[{"id":7286,"href":"https:\/\/dgospel.com.br\/portal\/index.php\/wp-json\/wp\/v2\/posts\/7284\/revisions\/7286"}],"wp:featuredmedia":[{"embeddable":true,"href":"https:\/\/dgospel.com.br\/portal\/index.php\/wp-json\/wp\/v2\/media\/7285"}],"wp:attachment":[{"href":"https:\/\/dgospel.com.br\/portal\/index.php\/wp-json\/wp\/v2\/media?parent=7284"}],"wp:term":[{"taxonomy":"category","embeddable":true,"href":"https:\/\/dgospel.com.br\/portal\/index.php\/wp-json\/wp\/v2\/categories?post=7284"},{"taxonomy":"post_tag","embeddable":true,"href":"https:\/\/dgospel.com.br\/portal\/index.php\/wp-json\/wp\/v2\/tags?post=7284"}],"curies":[{"name":"wp","href":"https:\/\/api.w.org\/{rel}","templated":true}]}}