{"id":7287,"date":"2021-01-11T18:50:27","date_gmt":"2021-01-11T21:50:27","guid":{"rendered":"http:\/\/dgospel.com.br\/portal\/?p=7287"},"modified":"2021-01-11T18:50:28","modified_gmt":"2021-01-11T21:50:28","slug":"hgp-e-escolhido-para-oferta-de-reabilitacao-de-pacientes-pos-covid-pela-equipe-do-sirio-libanes","status":"publish","type":"post","link":"https:\/\/dgospel.com.br\/portal\/index.php\/2021\/01\/11\/hgp-e-escolhido-para-oferta-de-reabilitacao-de-pacientes-pos-covid-pela-equipe-do-sirio-libanes\/","title":{"rendered":"HGP \u00e9 escolhido para oferta de reabilita\u00e7\u00e3o de pacientes p\u00f3s-Covid, pela equipe do S\u00edrio Liban\u00eas"},"content":{"rendered":"\n<p>Pacientes internados no Hospital Geral de Palmas (HGP)&nbsp;que j\u00e1 foram acometidos pela Covid-19, como tamb\u00e9m de outras patologias, est\u00e3o recebendo reabilita\u00e7\u00e3o espec\u00edfica dos profissionais capacitados pelo S\u00edrio Liban\u00eas. Tal servi\u00e7o se deve gra\u00e7as ao Projeto Reab, uma parceria do Hospital S\u00edrio Liban\u00eas e&nbsp;Minist\u00e9rio da Sa\u00fade (MS), por meio do Programa de Apoio ao Desenvolvimento Institucional do Sistema \u00danico de Sa\u00fade (Proad-SUS).<\/p>\n\n\n\n<p>A equipe da unidade, composta por fisioterapeuta, nutricionista, psic\u00f3logo, assistente social, enfermeiro, m\u00e9dico, fonoaudi\u00f3logo e&nbsp;terapeuta ocupacional, realiza diariamente o round: discuss\u00e3o interdisciplinar, onde s\u00e3o definidas as metas para reabilita\u00e7\u00e3o, focando na previsibilidade da alta segura.<\/p>\n\n\n\n<p>\u201cTrabalhar os pacientes como um todo &#8211; com diversas categorias profissionais &#8211; para possibilitar uma alta segura para este paciente, al\u00e9m de cuidados que ele necessita para continuar o tratamento em seu domic\u00edlio, acaba diminuindo a quantidade de reinterna\u00e7\u00f5es hospitalares. Nosso foco principal \u00e9 reabilitar o paciente no maior tempo h\u00e1bil, que ele v\u00e1 para casa e que tenha qualidade de vida\u201d, declara&nbsp;o coordenador de enfermagem, Genivaldo de Sousa.<\/p>\n\n\n\n<p>O diretor-geral do HGP, Leonardo Toledo, ressalta que o intuito \u00e9 promover a reabilita\u00e7\u00e3o hospitalar de pacientes ap\u00f3s a alta&nbsp;do cuidado intensivo por Covid-19, como tamb\u00e9m pacientes de outras patologias. Recentemente, a unidade recebeu do projeto equipamentos espec\u00edficos, que auxiliam na realiza\u00e7\u00e3o de atendimentos dos pacientes\u201d, explica.<\/p>\n\n\n\n<p>A fisioterapeuta Mayza Thayn\u00e3&nbsp;\u00e9 um dos profissionais que se dedicam com amor e afinco ao Projeto Reab.&nbsp;\u201c\u00c9 um privil\u00e9gio fazer parte deste projeto, que veio fortalecer nosso trabalho e beneficiar o usu\u00e1rio. Sabemos o quanto a reabilita\u00e7\u00e3o auxilia na recupera\u00e7\u00e3o e&nbsp;\u00e9 gratificante para n\u00f3s, profissionais, perceber a melhora do paciente\u201d, frisa.<\/p>\n\n\n\n<p>S\u00e3o participantes do projeto o Hospital Geral de Palmas (HGP), o Hospital de Base (DF), o Hospital Municipal de Contagem (MG), o Hospital Geral de Fortaleza (CE) e o Hospital Geral do Trabalhador (PR). Os cinco hospitais foram escolhidos dentre os 6,5 mil hospitais do Brasil.<\/p>\n","protected":false},"excerpt":{"rendered":"<p>Pacientes internados no Hospital Geral de Palmas (HGP)&nbsp;que j\u00e1 foram acometidos pela Covid-19, como tamb\u00e9m de outras patologias, est\u00e3o recebendo reabilita\u00e7\u00e3o espec\u00edfica dos profissionais capacitados pelo S\u00edrio Liban\u00eas. Tal servi\u00e7o se deve gra\u00e7as ao Projeto Reab, uma parceria do Hospital S\u00edrio Liban\u00eas e&nbsp;Minist\u00e9rio da Sa\u00fade (MS), por meio do Programa de Apoio ao Desenvolvimento Institucional [&hellip;]<\/p>\n","protected":false},"author":2,"featured_media":7288,"comment_status":"open","ping_status":"open","sticky":false,"template":"","format":"standard","meta":[],"categories":[3],"tags":[13],"_links":{"self":[{"href":"https:\/\/dgospel.com.br\/portal\/index.php\/wp-json\/wp\/v2\/posts\/7287"}],"collection":[{"href":"https:\/\/dgospel.com.br\/portal\/index.php\/wp-json\/wp\/v2\/posts"}],"about":[{"href":"https:\/\/dgospel.com.br\/portal\/index.php\/wp-json\/wp\/v2\/types\/post"}],"author":[{"embeddable":true,"href":"https:\/\/dgospel.com.br\/portal\/index.php\/wp-json\/wp\/v2\/users\/2"}],"replies":[{"embeddable":true,"href":"https:\/\/dgospel.com.br\/portal\/index.php\/wp-json\/wp\/v2\/comments?post=7287"}],"version-history":[{"count":1,"href":"https:\/\/dgospel.com.br\/portal\/index.php\/wp-json\/wp\/v2\/posts\/7287\/revisions"}],"predecessor-version":[{"id":7289,"href":"https:\/\/dgospel.com.br\/portal\/index.php\/wp-json\/wp\/v2\/posts\/7287\/revisions\/7289"}],"wp:featuredmedia":[{"embeddable":true,"href":"https:\/\/dgospel.com.br\/portal\/index.php\/wp-json\/wp\/v2\/media\/7288"}],"wp:attachment":[{"href":"https:\/\/dgospel.com.br\/portal\/index.php\/wp-json\/wp\/v2\/media?parent=7287"}],"wp:term":[{"taxonomy":"category","embeddable":true,"href":"https:\/\/dgospel.com.br\/portal\/index.php\/wp-json\/wp\/v2\/categories?post=7287"},{"taxonomy":"post_tag","embeddable":true,"href":"https:\/\/dgospel.com.br\/portal\/index.php\/wp-json\/wp\/v2\/tags?post=7287"}],"curies":[{"name":"wp","href":"https:\/\/api.w.org\/{rel}","templated":true}]}}