{"id":7293,"date":"2021-01-11T18:55:14","date_gmt":"2021-01-11T21:55:14","guid":{"rendered":"http:\/\/dgospel.com.br\/portal\/?p=7293"},"modified":"2021-01-11T18:55:15","modified_gmt":"2021-01-11T21:55:15","slug":"campanha-janeiro-branco-chama-atencao-para-cuidados-com-a-saude-mental","status":"publish","type":"post","link":"https:\/\/dgospel.com.br\/portal\/index.php\/2021\/01\/11\/campanha-janeiro-branco-chama-atencao-para-cuidados-com-a-saude-mental\/","title":{"rendered":"Campanha Janeiro Branco chama aten\u00e7\u00e3o para cuidados com a sa\u00fade mental"},"content":{"rendered":"\n<p>A restri\u00e7\u00e3o social por isolamento for\u00e7ado, em decorr\u00eancia da pandemia pela Covid-19, tem potencializado os transtornos mentais como ansiedade, estresse e depress\u00e3o. Diante disso, a campanha&nbsp;<em>Janeiro Branco<\/em>, iniciada em 2014, desperta a popula\u00e7\u00e3o para o direito e os cuidados com a sa\u00fade mental e emocional das pessoas e das institui\u00e7\u00f5es humanas.<\/p>\n\n\n\n<p>Segundo o m\u00e9dico psiquiatra da Ger\u00eancia de Sa\u00fade Mental da Secretaria de Estado da Sa\u00fade (SES), Rafael Mota Baldu\u00edno dos Santos, a escolha de janeiro se d\u00e1 pela particularidade do m\u00eas. \u201cRepresentado simb\u00f3lica e culturalmente como o primeiro m\u00eas do ano, em que as pessoas est\u00e3o mais propensas a pensar em suas vidas, suas rela\u00e7\u00f5es sociais, suas condi\u00e7\u00f5es de exist\u00eancia, suas emo\u00e7\u00f5es e em seus sentidos existenciais. \u00c9 um m\u00eas para as pessoas se sentirem inspiradas a repensar e a planejar suas pr\u00f3prias hist\u00f3rias\u201d, destaca.<\/p>\n\n\n\n<p>Para o especialista, \u00e9 importante observar o processo de trabalho adoecedor ao qual a popula\u00e7\u00e3o est\u00e1 inserida. \u201cEste trabalho \u00e9 intensificado pela perman\u00eancia constante de atividades laborais em&nbsp;<em>home office<\/em>, levando a uma sobrecarga de servi\u00e7o; a instabilidade econ\u00f4mica em v\u00e1rios setores da economia nacional e mundial; aumento do desemprego; escolas fechadas para aulas presenciais e restri\u00e7\u00f5es de espa\u00e7os de lazer induziram a popula\u00e7\u00e3o a ter seu momento de \u00f3cio e trabalho distorcidos, sem limitadores para cada atividade, causando adoecimento ps\u00edquico e emocional\u201d, pontua.<\/p>\n\n\n\n<p>Diante das dificuldades, Rafael Mota Baldu\u00edno dos Santos enfatiza que, \u201c\u00e9 de extrema import\u00e2ncia a preserva\u00e7\u00e3o da sa\u00fade mental em uma sociedade. Com isso, em \u00e2mbitos nacional e local, o acesso aos servi\u00e7os da Rede de Aten\u00e7\u00e3o Psicossocial ofertada pelo SUS [Sistema \u00danico de Sa\u00fade] \u00e9 primordial. Nestes locais, existem profissionais especializados como psiquiatras, psic\u00f3logos, enfermeiros, terapeutas ocupacionais ou assistentes sociais nos servi\u00e7os como Unidades B\u00e1sicas de Sa\u00fade, Caps [Centro de Aten\u00e7\u00e3o Psicossocial], Cl\u00ednicas Especializadas em Sa\u00fade Mental e Pronto Socorros\u201d, informa.<\/p>\n\n\n\n<p><strong>Atendimentos<\/strong><\/p>\n\n\n\n<p>Em todas as regi\u00f5es do Tocantins, os pacientes com problemas de sa\u00fade mental recebem atendimentos como: atividade educativa\/orienta\u00e7\u00e3o em grupo; orienta\u00e7\u00e3o em grupo na aten\u00e7\u00e3o especializada; visita domiciliar por t\u00e9cnicos de enfermagem, enfermeiros e m\u00e9dicos especialistas; consulta\/atendimento domiciliar; terapia individual grupo; terapia individual; atendimento de urg\u00eancia em aten\u00e7\u00e3o especializada; atendimento em oficina terap\u00eautica em sa\u00fade mental; atendimento psicoterapia de grupo; atendimento familiar em centro de aten\u00e7\u00e3o psicossocial; a\u00e7\u00f5es de articula\u00e7\u00e3o de redes intra e intersetorial, entre outros.<\/p>\n","protected":false},"excerpt":{"rendered":"<p>A restri\u00e7\u00e3o social por isolamento for\u00e7ado, em decorr\u00eancia da pandemia pela Covid-19, tem potencializado os transtornos mentais como ansiedade, estresse e depress\u00e3o. Diante disso, a campanha&nbsp;Janeiro Branco, iniciada em 2014, desperta a popula\u00e7\u00e3o para o direito e os cuidados com a sa\u00fade mental e emocional das pessoas e das institui\u00e7\u00f5es humanas. Segundo o m\u00e9dico psiquiatra [&hellip;]<\/p>\n","protected":false},"author":2,"featured_media":7294,"comment_status":"open","ping_status":"open","sticky":false,"template":"","format":"standard","meta":[],"categories":[3],"tags":[13],"_links":{"self":[{"href":"https:\/\/dgospel.com.br\/portal\/index.php\/wp-json\/wp\/v2\/posts\/7293"}],"collection":[{"href":"https:\/\/dgospel.com.br\/portal\/index.php\/wp-json\/wp\/v2\/posts"}],"about":[{"href":"https:\/\/dgospel.com.br\/portal\/index.php\/wp-json\/wp\/v2\/types\/post"}],"author":[{"embeddable":true,"href":"https:\/\/dgospel.com.br\/portal\/index.php\/wp-json\/wp\/v2\/users\/2"}],"replies":[{"embeddable":true,"href":"https:\/\/dgospel.com.br\/portal\/index.php\/wp-json\/wp\/v2\/comments?post=7293"}],"version-history":[{"count":1,"href":"https:\/\/dgospel.com.br\/portal\/index.php\/wp-json\/wp\/v2\/posts\/7293\/revisions"}],"predecessor-version":[{"id":7295,"href":"https:\/\/dgospel.com.br\/portal\/index.php\/wp-json\/wp\/v2\/posts\/7293\/revisions\/7295"}],"wp:featuredmedia":[{"embeddable":true,"href":"https:\/\/dgospel.com.br\/portal\/index.php\/wp-json\/wp\/v2\/media\/7294"}],"wp:attachment":[{"href":"https:\/\/dgospel.com.br\/portal\/index.php\/wp-json\/wp\/v2\/media?parent=7293"}],"wp:term":[{"taxonomy":"category","embeddable":true,"href":"https:\/\/dgospel.com.br\/portal\/index.php\/wp-json\/wp\/v2\/categories?post=7293"},{"taxonomy":"post_tag","embeddable":true,"href":"https:\/\/dgospel.com.br\/portal\/index.php\/wp-json\/wp\/v2\/tags?post=7293"}],"curies":[{"name":"wp","href":"https:\/\/api.w.org\/{rel}","templated":true}]}}