{"id":7299,"date":"2021-01-14T11:00:31","date_gmt":"2021-01-14T14:00:31","guid":{"rendered":"http:\/\/dgospel.com.br\/portal\/?p=7299"},"modified":"2021-01-14T11:00:32","modified_gmt":"2021-01-14T14:00:32","slug":"mauro-carlesse-recebe-representante-do-ministerio-da-economia-e-discute-projetos-estruturantes-para-o-tocantins","status":"publish","type":"post","link":"https:\/\/dgospel.com.br\/portal\/index.php\/2021\/01\/14\/mauro-carlesse-recebe-representante-do-ministerio-da-economia-e-discute-projetos-estruturantes-para-o-tocantins\/","title":{"rendered":"Mauro Carlesse recebe representante do Minist\u00e9rio da Economia e discute projetos estruturantes para o Tocantins"},"content":{"rendered":"\n<p>O governador do Estado do Tocantins, Mauro Carlesse, recebeu na manh\u00e3 desta quarta-feira, 13, em seu Gabinete no Pal\u00e1cio Araguaia, a visita institucional do secret\u00e1rio de Ambiente de Neg\u00f3cios e Competitividade do Minist\u00e9rio da Economia, Jorge Luiz de Lima, acompanhado do presidente da Federa\u00e7\u00e3o das Ind\u00fastrias do Estado do Tocantins (Fieto), Roberto Pires. Na ocasi\u00e3o, foram debatidas formas de apoio para viabiliza\u00e7\u00e3o de projetos estruturantes para o Tocantins.<\/p>\n\n\n\n<p>Durante o encontro, o governador Carlesse apresentou obras importantes para o Estado, solicitando apoio do Governo Federal, com o prop\u00f3sito de viabilizar recursos necess\u00e1rios ao desenvolvimento do Tocantins.<\/p>\n\n\n\n<p>\u201cExistem diversos projetos que s\u00e3o fundamentais para o crescimento econ\u00f4mico e social do nosso Tocantins. Hoje, estamos aqui buscando apoio do Minist\u00e9rio da Economia, por meio do senhor Jorge Luiz, que se colocou \u00e0 disposi\u00e7\u00e3o para nos ajudar. S\u00e3o obras que ir\u00e3o incrementar o fator log\u00edstico da nossa regi\u00e3o&nbsp;e, consequentemente, de todo o restante do Brasil. Falamos do projeto do porto de Praia Norte, da rodovia Transbananal, da constru\u00e7\u00e3o da Ponte de Porto Nacional e de outras obras que estamos buscando recursos para o Estado. Por meio dessas parcerias, ser\u00e1 poss\u00edvel iniciar projetos que ter\u00e3o impacto imediato na vida do tocantinense\u201d, destacou o Governador.<\/p>\n\n\n\n<p>O secret\u00e1rio do Minist\u00e9rio da Economia, Jorge Luiz de Lima, que esteve no Tocantins pela primeira vez neste ano, saiu otimista do encontro e afirmou que o Tocantins tem projetos que se enquadram com a proposta de redu\u00e7\u00e3o do Custo Brasil.<\/p>\n\n\n\n<p>\u201cEstou encantado com o Tocantins, tivemos boas reuni\u00f5es e nossa miss\u00e3o \u00e9 reduzir o Custo Brasil. Estamos focados em melhorar o ambiente de neg\u00f3cios e os projetos do Tocantins se enquadram nesse projeto do Custo Brasil. Iremos fazer mais reuni\u00f5es e abrir um plano de trabalho. O que o governador Carlesse tem feito vai ao encontro de nossas ideias e essa parceria que estamos fazendo aqui ter\u00e1 total apoio de nossa parte. Deixo o Tocantins bastante otimista, principalmente pela conversa t\u00e9cnica que tivemos, de forma apartid\u00e1ria, sobre aquilo que de fato \u00e9 importante. O Tocantins tem um potencial incr\u00edvel\u201d, pontuou o secret\u00e1rio do Minist\u00e9rio da Economia, Jorge Luiz Lima.<\/p>\n\n\n\n<p>O presidente da Fieto, Roberto Pires, agradeceu pela receptividade do governador Carlesse e reafirmou a uni\u00e3o entre o setor empresarial com o Governo do Tocantins.<\/p>\n\n\n\n<p>\u201cRecebemos o doutor Jorge, que falou sobre o projeto da redu\u00e7\u00e3o do Custo Brasil. Precisamos assumir essa agenda, no sentido de reduzir esse custo, que vem sobrecarregando as empresas e especialmente as ind\u00fastrias. Nosso evento [realizado na Fieto nessa ter\u00e7a-feira, 12] foi bem avaliado pelos empres\u00e1rios daqui e, na verdade, trouxe uma proposta interessante: precisamos estar juntos, a inciativa privada com o Governo do Estado para que possamos avan\u00e7ar com essa agenda. Fomos muito bem recebidos pelo governador Carlesse, que mostrou as potencialidades do Estado e o tanto que temos atrativos importantes. O doutor Jorge me informou que ficou impressionado com o que viu e que ser\u00e1 um soldado nosso em Bras\u00edlia, no sentido de tentar agilizar esses projetos do Tocantins\u201d, afirmou o presidente da Fieto.<\/p>\n\n\n\n<p><strong>Projeto para redu\u00e7\u00e3o do Custo Brasil<\/strong><\/p>\n\n\n\n<p>A vinda do secret\u00e1rio Jorge Luiz de Lima ao Tocantins teve como objetivo a apresenta\u00e7\u00e3o do projeto de redu\u00e7\u00e3o do chamado&nbsp;<em>Custo Brasil<\/em>, termo usado para definir conjunto de dificuldades estruturais que impedem o crescimento da produ\u00e7\u00e3o industrial, do com\u00e9rcio e da economia brasileira como um todo.<\/p>\n\n\n\n<p>A palestra do representante do Minist\u00e9rio da Economia foi ministrada na sede da Fieto, nessa ter\u00e7a-feira, 12, durante um almo\u00e7o com empres\u00e1rios tocantinenses. O evento contou com a presen\u00e7a do governador Mauro Carlesse.<\/p>\n\n\n\n<p>Por ano, o Custo Brasil consome das empresas um valor de aproximadamente R$ 1,5 trilh\u00e3o, o que representa 22% do Produto Interno Bruto (PIB) nacional. O valor foi estimado a partir do trabalho conjunto de diagn\u00f3stico realizado nos \u00faltimos quatro meses, em uma parceria do Governo com o setor privado.<\/p>\n","protected":false},"excerpt":{"rendered":"<p>O governador do Estado do Tocantins, Mauro Carlesse, recebeu na manh\u00e3 desta quarta-feira, 13, em seu Gabinete no Pal\u00e1cio Araguaia, a visita institucional do secret\u00e1rio de Ambiente de Neg\u00f3cios e Competitividade do Minist\u00e9rio da Economia, Jorge Luiz de Lima, acompanhado do presidente da Federa\u00e7\u00e3o das Ind\u00fastrias do Estado do Tocantins (Fieto), Roberto Pires. Na ocasi\u00e3o, [&hellip;]<\/p>\n","protected":false},"author":2,"featured_media":7300,"comment_status":"open","ping_status":"open","sticky":false,"template":"","format":"standard","meta":[],"categories":[4],"tags":[13],"_links":{"self":[{"href":"https:\/\/dgospel.com.br\/portal\/index.php\/wp-json\/wp\/v2\/posts\/7299"}],"collection":[{"href":"https:\/\/dgospel.com.br\/portal\/index.php\/wp-json\/wp\/v2\/posts"}],"about":[{"href":"https:\/\/dgospel.com.br\/portal\/index.php\/wp-json\/wp\/v2\/types\/post"}],"author":[{"embeddable":true,"href":"https:\/\/dgospel.com.br\/portal\/index.php\/wp-json\/wp\/v2\/users\/2"}],"replies":[{"embeddable":true,"href":"https:\/\/dgospel.com.br\/portal\/index.php\/wp-json\/wp\/v2\/comments?post=7299"}],"version-history":[{"count":1,"href":"https:\/\/dgospel.com.br\/portal\/index.php\/wp-json\/wp\/v2\/posts\/7299\/revisions"}],"predecessor-version":[{"id":7301,"href":"https:\/\/dgospel.com.br\/portal\/index.php\/wp-json\/wp\/v2\/posts\/7299\/revisions\/7301"}],"wp:featuredmedia":[{"embeddable":true,"href":"https:\/\/dgospel.com.br\/portal\/index.php\/wp-json\/wp\/v2\/media\/7300"}],"wp:attachment":[{"href":"https:\/\/dgospel.com.br\/portal\/index.php\/wp-json\/wp\/v2\/media?parent=7299"}],"wp:term":[{"taxonomy":"category","embeddable":true,"href":"https:\/\/dgospel.com.br\/portal\/index.php\/wp-json\/wp\/v2\/categories?post=7299"},{"taxonomy":"post_tag","embeddable":true,"href":"https:\/\/dgospel.com.br\/portal\/index.php\/wp-json\/wp\/v2\/tags?post=7299"}],"curies":[{"name":"wp","href":"https:\/\/api.w.org\/{rel}","templated":true}]}}