{"id":731,"date":"2018-07-10T08:51:13","date_gmt":"2018-07-10T11:51:13","guid":{"rendered":"http:\/\/dgospel.com.br\/portal\/?p=731"},"modified":"2018-07-10T08:51:13","modified_gmt":"2018-07-10T11:51:13","slug":"em-sessao-solene-luana-assume-presidencia-da-al-e-empossa-governador-e-vice","status":"publish","type":"post","link":"https:\/\/dgospel.com.br\/portal\/index.php\/2018\/07\/10\/em-sessao-solene-luana-assume-presidencia-da-al-e-empossa-governador-e-vice\/","title":{"rendered":"Em sess\u00e3o solene, Luana assume presid\u00eancia da AL e empossa governador e vice"},"content":{"rendered":"<p>A deputada estadual Luana Ribeiro (PSDB) foi empossada como titular da presid\u00eancia da Assembleia Legislativa do Tocantins na manh\u00e3 desta segunda-feira, 9, em sess\u00e3o solene realizada no plen\u00e1rio da AL-TO. Na ocasi\u00e3o, tamb\u00e9m foram empossados o governador eleito, Mauro Carlesse (PHS), e o vice, Wanderlei Barbosa (PHS), para o mandato-tamp\u00e3o que vai at\u00e9 o fim deste ano.<\/p>\n<p>Protocolarmente, o primeiro-secret\u00e1rio da Mesa Diretora, deputado Cleiton Cardoso (PTC), leu os of\u00edcios que comunicam a ren\u00fancia de Carlesse e de Barbosa dos cargos de deputado estadual, e a presidente da Assembleia declarou os cargos vacantes.<\/p>\n<p>Em seu discurso, Wanderlei Barbosa falou em assumir uma nova miss\u00e3o, com humildade, pela retomada do crescimento do Estado.<\/p>\n<p>J\u00e1 o governador destacou a import\u00e2ncia da parceria com o Legislativo. \u201cNo Executivo, n\u00f3s precisamos e contamos com a Assembleia. Temos de esquecer as disputas pol\u00edticas e fazer deste Estado o melhor do Brasil\u201d, declarou.<\/p>\n<p>Depois de assumir como titular da Presid\u00eancia desta Casa de Leis, Luana lembrou que \u00e9 a \u00fanica mulher a ocupar tal cargo atualmente no Brasil. A deputada prometeu tamb\u00e9m trabalhar em harmonia com os demais legisladores e comemorou o retorno da estabilidade ao Tocantins, principal mote da campanha de Carlesse.<\/p>\n<p>&#8220;Assumo essa presid\u00eancia com muita humildade. Grata \u00e0 popula\u00e7\u00e3o tocantinense que confiou em mim o voto para que eu chegasse at\u00e9 aqui. Quero representar os homens e mulheres do Tocantins com determina\u00e7\u00e3o, trabalho e responsabilidade&#8221;, garantiu a parlamentar.<\/p>\n<p><b>Unale<\/b><\/p>\n<p>A solenidade de posse contou com in\u00fameras autoridades. Entre elas o presidente da Uni\u00e3o Nacional dos Legisladores e Legislativos Estaduais (Unale), Ciro Simoni (PDT-RS), que falou sobre a import\u00e2ncia da chegada de Luana Ribeiro \u2013 que faz parte da entidade \u2013 \u00e0 presid\u00eancia da Assembleia.<\/p>\n<p>\u201c\u00c9 um fato muito importante, porque ela \u00e9 uma pessoa vibrante, atuante e competente. E eu n\u00e3o poderia deixar de estar aqui hoje, quando a primeira mulher tocantinense assume a presid\u00eancia da Assembleia do Estado. Ali\u00e1s, \u00e9 a \u00fanica mulher, neste momento, a presidir uma Assembleia Legislativa\u201d, enfatizou.<\/p>\n","protected":false},"excerpt":{"rendered":"<p>A deputada estadual Luana Ribeiro (PSDB) foi empossada como titular da presid\u00eancia da Assembleia Legislativa do Tocantins na manh\u00e3 desta segunda-feira, 9, em sess\u00e3o solene realizada no plen\u00e1rio da AL-TO. Na ocasi\u00e3o, tamb\u00e9m foram empossados o governador eleito, Mauro Carlesse (PHS), e o vice, Wanderlei Barbosa (PHS), para o mandato-tamp\u00e3o que vai at\u00e9 o fim [&hellip;]<\/p>\n","protected":false},"author":2,"featured_media":732,"comment_status":"open","ping_status":"open","sticky":false,"template":"","format":"standard","meta":[],"categories":[8,2],"tags":[],"_links":{"self":[{"href":"https:\/\/dgospel.com.br\/portal\/index.php\/wp-json\/wp\/v2\/posts\/731"}],"collection":[{"href":"https:\/\/dgospel.com.br\/portal\/index.php\/wp-json\/wp\/v2\/posts"}],"about":[{"href":"https:\/\/dgospel.com.br\/portal\/index.php\/wp-json\/wp\/v2\/types\/post"}],"author":[{"embeddable":true,"href":"https:\/\/dgospel.com.br\/portal\/index.php\/wp-json\/wp\/v2\/users\/2"}],"replies":[{"embeddable":true,"href":"https:\/\/dgospel.com.br\/portal\/index.php\/wp-json\/wp\/v2\/comments?post=731"}],"version-history":[{"count":1,"href":"https:\/\/dgospel.com.br\/portal\/index.php\/wp-json\/wp\/v2\/posts\/731\/revisions"}],"predecessor-version":[{"id":733,"href":"https:\/\/dgospel.com.br\/portal\/index.php\/wp-json\/wp\/v2\/posts\/731\/revisions\/733"}],"wp:featuredmedia":[{"embeddable":true,"href":"https:\/\/dgospel.com.br\/portal\/index.php\/wp-json\/wp\/v2\/media\/732"}],"wp:attachment":[{"href":"https:\/\/dgospel.com.br\/portal\/index.php\/wp-json\/wp\/v2\/media?parent=731"}],"wp:term":[{"taxonomy":"category","embeddable":true,"href":"https:\/\/dgospel.com.br\/portal\/index.php\/wp-json\/wp\/v2\/categories?post=731"},{"taxonomy":"post_tag","embeddable":true,"href":"https:\/\/dgospel.com.br\/portal\/index.php\/wp-json\/wp\/v2\/tags?post=731"}],"curies":[{"name":"wp","href":"https:\/\/api.w.org\/{rel}","templated":true}]}}