{"id":7317,"date":"2021-01-14T12:15:04","date_gmt":"2021-01-14T15:15:04","guid":{"rendered":"http:\/\/dgospel.com.br\/portal\/?p=7317"},"modified":"2021-01-14T12:15:06","modified_gmt":"2021-01-14T15:15:06","slug":"barco-missionario-leva-medicos-e-o-evangelho-a-comunidades-da-amazonia","status":"publish","type":"post","link":"https:\/\/dgospel.com.br\/portal\/index.php\/2021\/01\/14\/barco-missionario-leva-medicos-e-o-evangelho-a-comunidades-da-amazonia\/","title":{"rendered":"Barco mission\u00e1rio leva m\u00e9dicos e o Evangelho a comunidades da Amaz\u00f4nia"},"content":{"rendered":"\n<p>Uma caravana mission\u00e1ria levou atendimento m\u00e9dico e a prega\u00e7\u00e3o do Evangelho \u00e0s&nbsp;<a href=\"https:\/\/guiame.com.br\/gospel\/missoes-acao-social\/atraves-de-barco-cristaos-evangelizam-ribeirinhos-sonho-que-nasceu-no-coracao-de-deus.html\"><strong>comunidades ribeirinhas&nbsp;<\/strong><\/a>no estado do Amazonas na \u00faltima semana, entre os dias 5 e 10 de janeiro.<\/p>\n\n\n\n<p>A equipe do projeto Miss\u00e3o Sa\u00fade, promovido pela Junta de Miss\u00f5es Nacionais da Conven\u00e7\u00e3o Batista Brasileira, foi formada por quatro m\u00e9dicos, seis dentistas, dois enfermeiros e mais de 20 outras pessoas, todos volunt\u00e1rios.<\/p>\n\n\n\n<p>Os volunt\u00e1rios se emocionam logo na chegada, quando s\u00e3o recebidos pela comunidade. A necessidade nestas regi\u00f5es \u00e9 grande, j\u00e1 que muitos est\u00e3o doentes e sem acesso a medicamentos.<\/p>\n\n\n\n<p>\u201c\u00c9 muito bonito de ver. \u00c9 extraordin\u00e1rio mesmo! Quando o barco est\u00e1 chegando na comunidade, a crian\u00e7ada enche a margem do rio, esperando o barco aportar. \u00c9, de fato, uma viagem mission\u00e1ria que est\u00e1 integrada com todo um projeto que j\u00e1 est\u00e1 acontecendo\u201d, conta o pastor Pedro Veiga, que trabalha na Ger\u00eancia de Miss\u00f5es.<\/p>\n\n\n\n<p>Al\u00e9m do atendimento m\u00e9dico, os grupos que chegam pelo barco mission\u00e1rio realizam atividades com as crian\u00e7as, estudos b\u00edblicos, trabalhos de evangeliza\u00e7\u00e3o, cultos e visita\u00e7\u00e3o nas casas, refor\u00e7ando um trabalho que j\u00e1 \u00e9 realizado diariamente atrav\u00e9s do programa&nbsp;<a href=\"https:\/\/guiame.com.br\/gospel\/missoes-acao-social\/projeto-levara-evangelho-a-populacao-ribeirinha.html\"><strong>Radicais Amaz\u00f4nia<\/strong><\/a>.<\/p>\n\n\n\n<p>\u201cOs Radicais j\u00e1 fazem um trabalho continuado nessas comunidades e as caravanas levam refor\u00e7o, \u00e2nimo e encorajamento para os que j\u00e1 est\u00e3o l\u00e1, e levam profissionais para aben\u00e7oar a comunidade, que viabilizam o projeto Novo Sorriso da Amaz\u00f4nia, voltado para procedimentos da sa\u00fade bucal\u201d, explica o pastor.<\/p>\n\n\n\n<p><strong>M\u00e9dicos impactados<\/strong><\/p>\n\n\n\n<p>A caravana mission\u00e1ria costuma ser formada por crist\u00e3os, mas desta vez, uma m\u00e9dica que n\u00e3o frequenta nenhuma igreja resolveu participar como volunt\u00e1ria \u2014 Anna, uma m\u00e9dica polonesa, que foi impactada pelo trabalho.&nbsp;<\/p>\n\n\n\n<p>\u201cEla ficou muito feliz! Disse que pretende vir outras vezes e que quer saber mais sobre esse amor de que falamos tanto\u201d, afirma a coordenadora do Projeto Amaz\u00f4nia, Germana Matheus.<\/p>\n\n\n\n<figure class=\"wp-block-image\"><img src=\"https:\/\/thumbor.guiame.com.br\/unsafe\/smart\/https:\/\/media.guiame.com.br\/archives\/2021\/01\/14\/2573523502-.jpg\" alt=\"\"\/><\/figure>\n\n\n\n<p><br><sup>M\u00e9dicos foram enviados pela Miss\u00e3o Sa\u00fade no barco \u2018O Mission\u00e1rio\u2019 na Amaz\u00f4nia. (Foto: Miss\u00f5es Nacionais)<\/sup><\/p>\n\n\n\n<p>Volunt\u00e1ria na viagem para a Amaz\u00f4nia pela primeira vez, a m\u00e9dica Dana Liza Martinicorena de Souza conta que estava em busca de servir as comunidades ribeirinhas, que tamb\u00e9m s\u00e3o alvo do amor de Deus.<\/p>\n\n\n\n<p>\u201cEu tenho o chamado para servir. J\u00e1 tive outras experi\u00eancias no Acre e no Sert\u00e3o. Quero poder ser ben\u00e7\u00e3o, demonstrar o amor por meio de a\u00e7\u00f5es e tamb\u00e9m ser impactada pelo Evangelho\u201d, conta. \u201cO amor de Cristo por mim \u00e9 o amor de Cristo pelos ribeirinhos. Eu voltei da viagem com vontade de estar l\u00e1 novamente!\u201d<\/p>\n\n\n\n<p>A dra. Dana tamb\u00e9m foi marcada ao ver a disposi\u00e7\u00e3o dos mission\u00e1rios batistas que moram e trabalham nas comunidades. \u201cS\u00e3o jovens realmente comprometidos com a obra. Ministram a Palavra de Deus com intensidade e se desprenderam de muitas coisas para viver o chamado deles\u201d, comenta a m\u00e9dica.<\/p>\n\n\n\n<p>Em mais uma viagem mission\u00e1ria, o cora\u00e7\u00e3o da coordenadora do projeto \u00e9 tomado de satisfa\u00e7\u00e3o. \u201cA cada viagem mission\u00e1ria eu sinto gratid\u00e3o a Deus, por n\u00e3o ficar de fora do que Ele est\u00e1 fazendo. Mesmo em meio a tanta tristeza, posso levar a esperan\u00e7a de Cristo Jesus\u201d, conta Germana.<\/p>\n\n\n\n<p>A pr\u00f3xima caravana especial \u201cMiss\u00e3o Sa\u00fade\u201d no Barco O Mission\u00e1rio pela Amaz\u00f4nia ser\u00e1 realizada entre os dias 28 de maio e 2 de junho de 2021. Para informa\u00e7\u00f5es e inscri\u00e7\u00f5es, entre em contato pelo telefone (21) 96800-9032 e e-mail&nbsp;barco@missoesnacionais.org.br.<\/p>\n\n\n\n<p>FONTE: GUIAME, COM INFORMA\u00c7\u00d5ES DAS MISS\u00d5ES NACIONAIS<br><\/p>\n","protected":false},"excerpt":{"rendered":"<p>Uma caravana mission\u00e1ria levou atendimento m\u00e9dico e a prega\u00e7\u00e3o do Evangelho \u00e0s&nbsp;comunidades ribeirinhas&nbsp;no estado do Amazonas na \u00faltima semana, entre os dias 5 e 10 de janeiro. A equipe do projeto Miss\u00e3o Sa\u00fade, promovido pela Junta de Miss\u00f5es Nacionais da Conven\u00e7\u00e3o Batista Brasileira, foi formada por quatro m\u00e9dicos, seis dentistas, dois enfermeiros e mais de [&hellip;]<\/p>\n","protected":false},"author":2,"featured_media":7318,"comment_status":"open","ping_status":"open","sticky":false,"template":"","format":"standard","meta":[],"categories":[5],"tags":[14],"_links":{"self":[{"href":"https:\/\/dgospel.com.br\/portal\/index.php\/wp-json\/wp\/v2\/posts\/7317"}],"collection":[{"href":"https:\/\/dgospel.com.br\/portal\/index.php\/wp-json\/wp\/v2\/posts"}],"about":[{"href":"https:\/\/dgospel.com.br\/portal\/index.php\/wp-json\/wp\/v2\/types\/post"}],"author":[{"embeddable":true,"href":"https:\/\/dgospel.com.br\/portal\/index.php\/wp-json\/wp\/v2\/users\/2"}],"replies":[{"embeddable":true,"href":"https:\/\/dgospel.com.br\/portal\/index.php\/wp-json\/wp\/v2\/comments?post=7317"}],"version-history":[{"count":1,"href":"https:\/\/dgospel.com.br\/portal\/index.php\/wp-json\/wp\/v2\/posts\/7317\/revisions"}],"predecessor-version":[{"id":7319,"href":"https:\/\/dgospel.com.br\/portal\/index.php\/wp-json\/wp\/v2\/posts\/7317\/revisions\/7319"}],"wp:featuredmedia":[{"embeddable":true,"href":"https:\/\/dgospel.com.br\/portal\/index.php\/wp-json\/wp\/v2\/media\/7318"}],"wp:attachment":[{"href":"https:\/\/dgospel.com.br\/portal\/index.php\/wp-json\/wp\/v2\/media?parent=7317"}],"wp:term":[{"taxonomy":"category","embeddable":true,"href":"https:\/\/dgospel.com.br\/portal\/index.php\/wp-json\/wp\/v2\/categories?post=7317"},{"taxonomy":"post_tag","embeddable":true,"href":"https:\/\/dgospel.com.br\/portal\/index.php\/wp-json\/wp\/v2\/tags?post=7317"}],"curies":[{"name":"wp","href":"https:\/\/api.w.org\/{rel}","templated":true}]}}