{"id":7320,"date":"2021-01-14T22:31:31","date_gmt":"2021-01-15T01:31:31","guid":{"rendered":"http:\/\/dgospel.com.br\/portal\/?p=7320"},"modified":"2021-01-14T22:31:33","modified_gmt":"2021-01-15T01:31:33","slug":"luciano-subira-alerta-sobre-o-uso-de-supersticoes-no-meio-evangelico-muletas-da-fe","status":"publish","type":"post","link":"https:\/\/dgospel.com.br\/portal\/index.php\/2021\/01\/14\/luciano-subira-alerta-sobre-o-uso-de-supersticoes-no-meio-evangelico-muletas-da-fe\/","title":{"rendered":"Luciano Subir\u00e1 alerta sobre o uso de \u2018supersti\u00e7\u00f5es\u2019 no meio evang\u00e9lico: \u201cMuletas da f\u00e9\u201d"},"content":{"rendered":"\n<p>\u201cA Palavra de Deus \u00e9 digna de confian\u00e7a e n\u00f3s podemos simplesmente acreditar nela\u201d. Apesar de parecer \u00f3bvia para grande parte dos crist\u00e3os, a frase dita recentemente pelo pastor&nbsp;<strong><a href=\"https:\/\/guiame.com.br\/gospel\/videos\/luciano-subira-ha-gente-tentando-se-envolver-com-deus-sem-se-basear-em-uma-relacao-de-amor-ele.html\">Luciano Subir\u00e1<\/a><\/strong>&nbsp;foi colocada em meio a um alerta feito por ele sobre o uso de \u201csupersti\u00e7\u00f5es\u201d no meio evang\u00e9lico.<\/p>\n\n\n\n<p>Segundo ele, h\u00e1 muitos novos convertidos que acabam incorporando cren\u00e7as pessoais ou adaptando-as \u00e0 sua f\u00e9 depois que se entregam a Jesus formando algum tipo de mistura de cren\u00e7as que n\u00e3o condizem com o ensino b\u00edblico.<\/p>\n\n\n\n<p>\u201cNo meio crist\u00e3o, muitas vezes, depois que muita gente se converte, elas simplesmente transportam um determinado tipo de comportamento, uma determinada forma de cren\u00e7a e come\u00e7a a simplesmente adaptar isso para sua nova express\u00e3o de&nbsp;<strong><a href=\"https:\/\/guiame.com.br\/gospel\/missoes-acao-social\/nunca-desista-de-sua-fe-em-jesus-diz-cristao-esposa-antes-de-ser-degolado-na-india.html\">f\u00e9<\/a><\/strong>, dentro do cristianismo\u201d, alertou.<\/p>\n\n\n\n<p>\u201cCom isso, n\u00f3s temos misturas. N\u00e3o s\u00e3o consideradas por muitos como um sincretismo religioso, mas em uma an\u00e1lise mais profunda, vamos perceber que em um certo sentido, d\u00e1 para pensar dessa forma\u201d, acrescentou.<\/p>\n\n\n\n<p>Lendo a passagem de 1 Tim\u00f3teo 4:1-5, Subir\u00e1 lembrou que esse tipo de contexto j\u00e1 havia sido anunciado pelo ap\u00f3stolo Paulo em sua carta.<\/p>\n\n\n\n<p>\u201cQuando Paulo est\u00e1 exortando Tim\u00f3teo a cumprir plenamente seu minist\u00e9rio, ele faz isso diante de Deus, diante de Jesus Cristo, que vai julgar vivos e mortos, e destaca: \u2018voc\u00ea tem que pregar a Palavra, instar, quer seja oportuno, quer n\u00e3o\u2019. Outra vers\u00e3o diz \u2018a tempo e fora de tempo\u2019. Nessa quest\u00e3o de instar, ela diz: \u2018Exija, corrija e exorte com toda a paci\u00eancia\u2019. Por que? Obviamente, ele est\u00e1 dizendo: \u2018Vai chegar um tempo em que as pessoas v\u00e3o acreditar naquilo que elas querem acreditar n\u00e3o no que Deus diz que elas devem acreditar\u201d, destacou.<\/p>\n\n\n\n<p>\u201cMuitas vezes, n\u00f3s estamos tentando aferir a verdade pela popularidade, com um argumento que n\u00e3o necessariamente \u00e9 b\u00edblico. O texto fala de gente que \u2018vai se recusar a dar ouvidos \u00e0 verdade, se entregando a f\u00e1bulas\u2019\u201d, acrescentou.<\/p>\n\n\n\n<p>Ap\u00f3s ler as defini\u00e7\u00f5es t\u00e9cnicas dos termos \u201csupersti\u00e7\u00e3o\u201d e \u201ccrendice\u201d, Subir\u00e1 explicou porque considera a incorpora\u00e7\u00e3o dessas cren\u00e7as pessoas \u00e0 f\u00e9 crist\u00e3 como essas caracter\u00edsticas.<\/p>\n\n\n\n<p>\u201cBasicamente, \u00e9 aquele tipo de cren\u00e7a popular que nunca foi orientada pela institui\u00e7\u00e3o religiosa. No nosso caso, n\u00e3o vamos falar da Igreja, mas vamos falar das Escrituras. Tem muita gente decidindo acreditar em algo que n\u00e3o est\u00e1 em linha com a Palavra de Deus\u201d, disse.<\/p>\n\n\n\n<p>\u201cEm nome do exercitar a f\u00e9, da busca pela interven\u00e7\u00e3o de Deus &#8211; o que em si, eu diria que n\u00e3o \u00e9 errado &#8211; t\u00eam muitas vezes pegado caminhos muito perigosos. Uma das culturas dos tempos modernos \u00e9 o que alguns chamam de materializa\u00e7\u00e3o da f\u00e9\u201d, acrescentou.<\/p>\n\n\n\n<p>Subir\u00e1 explicou que essa tentativa de \u201cmaterializar a f\u00e9\u201d vai contra o que a pr\u00f3pria B\u00edblia ensina sobre a f\u00e9.<\/p>\n\n\n\n<p>\u201cAs pessoas precisam, de alguma forma, em vez de entender que a f\u00e9, de acordo com a Palavra de Deus \u00e9 exatamente a convic\u00e7\u00e3o daquilo que n\u00e3o se v\u00ea, elas muitas vezes querem ver, tocar, sentir e cria-se, \u00e0s vezes por parte da pr\u00f3pria lideran\u00e7a, por parte da pr\u00f3pria igreja, uma ideia de que h\u00e1 a possibilidade de vermos a materializa\u00e7\u00e3o da f\u00e9\u201d, alertou.<\/p>\n\n\n\n<p>\u201cS\u00e3o pessoas que fazem todo tipo de campanha, colocando todo tipo de muleta da f\u00e9 poss\u00edvel: \u2018Eu vou orar com o copo de \u00e1gua e quando voc\u00ea beber a \u00e1gua\u2026\u2019\u201d, exemplificou.<\/p>\n\n\n\n<p><strong>Generalizando a experi\u00eancia<\/strong><\/p>\n\n\n\n<p>O pastor reconheceu que Deus tem e sempre ter\u00e1 o poder e autoridade para agir de forma sobrenatural e fora do convencional, por\u00e9m isso tamb\u00e9m n\u00e3o quer dizer que o que ocorreu em uma situa\u00e7\u00e3o espec\u00edfica v\u00e1 se tornar regra.<\/p>\n\n\n\n<p>\u201cEu n\u00e3o estou dizendo que Deus n\u00e3o pode usar determinadas situa\u00e7\u00f5es e dar determinadas dire\u00e7\u00f5es fora do convencional. Quando Jesus ora com os enfermos, cuspindo a saliva no ch\u00e3o, fazendo barro com a pr\u00f3pria saliva na terra e aplicando nos olhos deles, voc\u00ea n\u00e3o tem um precedente para isso. Mas voc\u00ea tamb\u00e9m n\u00e3o v\u00ea Jesus nos mandando repetir isso. Ent\u00e3o, n\u00e3o significa que aquilo que Ele fez em alguma ocasi\u00e3o espec\u00edfica tenha que necessariamente se tornar um padr\u00e3o a ser repetido\u201d, explicou.<\/p>\n\n\n\n<p>\u201cA Palavra de Deus fala das pessoas tomando os len\u00e7os e aventais de uso pessoal de Paulo e quando levavam aos enfermos, eles eram curados, pessoas endemoniadas eram libertas. Ent\u00e3o, eu n\u00e3o posso dizer que Deus n\u00e3o pode usar esse formato\u201d, lembrou.<\/p>\n\n\n\n<p>\u201cO que eu quero comunicar \u00e9 que eu e voc\u00ea n\u00e3o precisamos de mais nada al\u00e9m da Palavra. A f\u00e9 se apoia na Palavra, vem por ouvir a Palavra, \u00e9 uma resposta \u00e0 Palavra de Deus e h\u00e1 coisas que eu e voc\u00ea podemos experimentar, simplesmente porque levamos a Palavra de Deus a s\u00e9rio, porque a gente se posiciona e diz: \u2018Se Deus falou, est\u00e1 falado. A Sua Palavra \u00e9 verdadeira. Passar\u00e3o os c\u00e9us e a terra, mas a Sua Palavra n\u00e3o h\u00e1 de passar\u2019\u201d, finalizou<\/p>\n\n\n\n<figure class=\"wp-block-embed-youtube wp-block-embed is-type-video is-provider-youtube wp-embed-aspect-16-9 wp-has-aspect-ratio\"><div class=\"wp-block-embed__wrapper\">\n<iframe loading=\"lazy\" title=\"[SEM FILTRO] SUPERSTI\u00c7\u00d5ES CRIST\u00c3S - Luciano Subir\u00e1\" width=\"630\" height=\"354\" src=\"https:\/\/www.youtube.com\/embed\/lYykrrWfI94?feature=oembed\" frameborder=\"0\" allow=\"accelerometer; autoplay; clipboard-write; encrypted-media; gyroscope; picture-in-picture\" allowfullscreen><\/iframe>\n<\/div><\/figure>\n\n\n\n<p>Clique no v\u00eddeo acima para conferir a&nbsp;mensagem&nbsp;completa.<\/p>\n\n\n\n<p>\n\nFONTE: GUIAME\n\n<\/p>\n","protected":false},"excerpt":{"rendered":"<p>\u201cA Palavra de Deus \u00e9 digna de confian\u00e7a e n\u00f3s podemos simplesmente acreditar nela\u201d. Apesar de parecer \u00f3bvia para grande parte dos crist\u00e3os, a frase dita recentemente pelo pastor&nbsp;Luciano Subir\u00e1&nbsp;foi colocada em meio a um alerta feito por ele sobre o uso de \u201csupersti\u00e7\u00f5es\u201d no meio evang\u00e9lico. Segundo ele, h\u00e1 muitos novos convertidos que acabam [&hellip;]<\/p>\n","protected":false},"author":2,"featured_media":7321,"comment_status":"open","ping_status":"open","sticky":false,"template":"","format":"standard","meta":[],"categories":[17,5],"tags":[],"_links":{"self":[{"href":"https:\/\/dgospel.com.br\/portal\/index.php\/wp-json\/wp\/v2\/posts\/7320"}],"collection":[{"href":"https:\/\/dgospel.com.br\/portal\/index.php\/wp-json\/wp\/v2\/posts"}],"about":[{"href":"https:\/\/dgospel.com.br\/portal\/index.php\/wp-json\/wp\/v2\/types\/post"}],"author":[{"embeddable":true,"href":"https:\/\/dgospel.com.br\/portal\/index.php\/wp-json\/wp\/v2\/users\/2"}],"replies":[{"embeddable":true,"href":"https:\/\/dgospel.com.br\/portal\/index.php\/wp-json\/wp\/v2\/comments?post=7320"}],"version-history":[{"count":1,"href":"https:\/\/dgospel.com.br\/portal\/index.php\/wp-json\/wp\/v2\/posts\/7320\/revisions"}],"predecessor-version":[{"id":7322,"href":"https:\/\/dgospel.com.br\/portal\/index.php\/wp-json\/wp\/v2\/posts\/7320\/revisions\/7322"}],"wp:featuredmedia":[{"embeddable":true,"href":"https:\/\/dgospel.com.br\/portal\/index.php\/wp-json\/wp\/v2\/media\/7321"}],"wp:attachment":[{"href":"https:\/\/dgospel.com.br\/portal\/index.php\/wp-json\/wp\/v2\/media?parent=7320"}],"wp:term":[{"taxonomy":"category","embeddable":true,"href":"https:\/\/dgospel.com.br\/portal\/index.php\/wp-json\/wp\/v2\/categories?post=7320"},{"taxonomy":"post_tag","embeddable":true,"href":"https:\/\/dgospel.com.br\/portal\/index.php\/wp-json\/wp\/v2\/tags?post=7320"}],"curies":[{"name":"wp","href":"https:\/\/api.w.org\/{rel}","templated":true}]}}