{"id":7323,"date":"2021-01-15T15:54:38","date_gmt":"2021-01-15T18:54:38","guid":{"rendered":"http:\/\/dgospel.com.br\/portal\/?p=7323"},"modified":"2021-01-15T15:54:40","modified_gmt":"2021-01-15T18:54:40","slug":"pastor-da-igreja-universal-assume-prefeitura-de-goiania-apos-morte-de-maguito-vilela","status":"publish","type":"post","link":"https:\/\/dgospel.com.br\/portal\/index.php\/2021\/01\/15\/pastor-da-igreja-universal-assume-prefeitura-de-goiania-apos-morte-de-maguito-vilela\/","title":{"rendered":"Pastor da Igreja Universal assume prefeitura de Goi\u00e2nia, ap\u00f3s morte de Maguito Vilela"},"content":{"rendered":"\n<p> Rog\u00e9rio Cruz (Republicanos), de 54 anos, assumiu definitivamente a cadeira de prefeito em Goi\u00e2nia ap\u00f3s a morte do candidato eleito,\u00a0<a rel=\"noreferrer noopener\" href=\"https:\/\/gospelminas.com\/morre-aos-71-anos-maguito-vilela-prefeito-eleito-de-goiania\/\" target=\"_blank\">Maguito Vilela (MDB)<\/a>, que estava internado em S\u00e3o Paulo desde outubro para tratar da covid-19. Rog\u00e9rio nasceu na cidade de Duque de Caxias, \u00e9 radialista, ex-vereador e pastor licenciado da Igreja Universal do Reino de Deus. <\/p>\n\n\n\n<p>Rog\u00e9rio Cruz j\u00e1 vinha comandando interinamente a prefeitura de Goi\u00e2nia desde 1\u00ba de janeiro. Dos 26 prefeitos de capitais, ele \u00e9 o \u00fanico que se autodeclarou como preto ao registrar sua candidatura. Rog\u00e9rio j\u00e1 foi vereador por dois mandatos e teve uma breve passagem como secret\u00e1rio municipal. Antes de entrar na pol\u00edtica, atuou como pastor da Igreja Universal do Reino de Deus.<\/p>\n\n\n\n<p>De acordo com sua biografia no site da C\u00e2mara de Vereador de Goi\u00e2nia, Rog\u00e9rio \u00e9 \u201cradialista, administrador e pastor evang\u00e9lico\u201d. Dirigiu r\u00e1dios do grupo Record em v\u00e1rios estados brasileiros. Al\u00e9m disso, chefiou uma divis\u00e3o do Grupo Record respons\u00e1vel por exportar conte\u00fado da emissora para pa\u00edses africanos onde a Igreja Universal tem influ\u00eancia, como Mo\u00e7ambique e Angola.<\/p>\n\n\n\n<p>Depois de 16 anos na \u00c1frica, voltou ao Brasil em 2009. Cruz mudou-se para a capital goiana para trabalhar pela Record TV e, em 2010, foi eleito pela primeira vez para a C\u00e2mara dos Vereadores, com 7.774 votos. Quatro anos mais tarde, foi o quarto vereador mais votado na cidade e se reelegeu com 8.312 votos.<\/p>\n\n\n\n<p>Segundo a Revista Veja, questionado sobre a influ\u00eancia que a Igreja Universal poderia ter na gest\u00e3o, ele afirmou que estava licenciado do of\u00edcio de pastor h\u00e1 mais de 20 anos e que n\u00e3o iria misturar quest\u00f5es da igreja com a pol\u00edtica.<\/p>\n\n\n\n<h3><strong>MORTE DE MAGUITO VILELA<\/strong><\/h3>\n\n\n\n<p>O prefeito eleito de Goi\u00e2nia, Maguito Vilela (MDB), morreu aos 71 anos, nesta quarta-feira (13\/01).<\/p>\n\n\n\n<p>Maguito estava internado na Unidade de Terapia Intensiva (UTI) do Hospital Albert Einstein, em S\u00e3o Paulo\/SP, lutando contra uma infec\u00e7\u00e3o pulmonar, em decorr\u00eancia da Covid-19, da qual j\u00e1 havia se recuperado.<\/p>\n\n\n\n<p>Ele estava licenciado desde a posse, no dia 1\u00ba de janeiro. O Hospital Albert Einstein confirmou a morte do pol\u00edtico. Segundo a unidade de sa\u00fade, Maguito faleceu \u00e0s 4h10 desta quarta-feira.<\/p>\n","protected":false},"excerpt":{"rendered":"<p>Rog\u00e9rio Cruz (Republicanos), de 54 anos, assumiu definitivamente a cadeira de prefeito em Goi\u00e2nia ap\u00f3s a morte do candidato eleito,\u00a0Maguito Vilela (MDB), que estava internado em S\u00e3o Paulo desde outubro para tratar da covid-19. Rog\u00e9rio nasceu na cidade de Duque de Caxias, \u00e9 radialista, ex-vereador e pastor licenciado da Igreja Universal do Reino de Deus. [&hellip;]<\/p>\n","protected":false},"author":2,"featured_media":7324,"comment_status":"open","ping_status":"open","sticky":false,"template":"","format":"standard","meta":[],"categories":[5,4],"tags":[13],"_links":{"self":[{"href":"https:\/\/dgospel.com.br\/portal\/index.php\/wp-json\/wp\/v2\/posts\/7323"}],"collection":[{"href":"https:\/\/dgospel.com.br\/portal\/index.php\/wp-json\/wp\/v2\/posts"}],"about":[{"href":"https:\/\/dgospel.com.br\/portal\/index.php\/wp-json\/wp\/v2\/types\/post"}],"author":[{"embeddable":true,"href":"https:\/\/dgospel.com.br\/portal\/index.php\/wp-json\/wp\/v2\/users\/2"}],"replies":[{"embeddable":true,"href":"https:\/\/dgospel.com.br\/portal\/index.php\/wp-json\/wp\/v2\/comments?post=7323"}],"version-history":[{"count":1,"href":"https:\/\/dgospel.com.br\/portal\/index.php\/wp-json\/wp\/v2\/posts\/7323\/revisions"}],"predecessor-version":[{"id":7325,"href":"https:\/\/dgospel.com.br\/portal\/index.php\/wp-json\/wp\/v2\/posts\/7323\/revisions\/7325"}],"wp:featuredmedia":[{"embeddable":true,"href":"https:\/\/dgospel.com.br\/portal\/index.php\/wp-json\/wp\/v2\/media\/7324"}],"wp:attachment":[{"href":"https:\/\/dgospel.com.br\/portal\/index.php\/wp-json\/wp\/v2\/media?parent=7323"}],"wp:term":[{"taxonomy":"category","embeddable":true,"href":"https:\/\/dgospel.com.br\/portal\/index.php\/wp-json\/wp\/v2\/categories?post=7323"},{"taxonomy":"post_tag","embeddable":true,"href":"https:\/\/dgospel.com.br\/portal\/index.php\/wp-json\/wp\/v2\/tags?post=7323"}],"curies":[{"name":"wp","href":"https:\/\/api.w.org\/{rel}","templated":true}]}}