{"id":7326,"date":"2021-01-15T16:02:30","date_gmt":"2021-01-15T19:02:30","guid":{"rendered":"http:\/\/dgospel.com.br\/portal\/?p=7326"},"modified":"2021-01-15T16:02:33","modified_gmt":"2021-01-15T19:02:33","slug":"cantor-nani-azevedo-recebe-alta-do-hospital-e-afirma-que-e-um-milagre-de-deus","status":"publish","type":"post","link":"https:\/\/dgospel.com.br\/portal\/index.php\/2021\/01\/15\/cantor-nani-azevedo-recebe-alta-do-hospital-e-afirma-que-e-um-milagre-de-deus\/","title":{"rendered":"Cantor Nani Azevedo recebe alta do hospital e afirma que \u00e9 um \u2018Milagre de Deus\u2019"},"content":{"rendered":"\n<p>O\u00a0<a rel=\"noreferrer noopener\" href=\"https:\/\/gospelminas.com\/nani-azevedo-tem-melhora-surpreendente-e-e-transferido-do-cti-para-o-quarto\/\" target=\"_blank\">cantor gospel Nani Azevedo<\/a>, de 57 anos, recebeu alta do hospital nesta sexta-feira (15\/01). O pr\u00f3prio cantor usou as redes sociais para dar essa \u00f3tima not\u00edcia aos seus seguidores, amigos e familiares. O cantor disse que sua alta \u00e9 um \u201cMilagre\u201d e agradeceu todas as ora\u00e7\u00f5es e apoio que recebeu.<\/p>\n\n\n\n<p>Nani Azevedo revelou na \u00faltima quinta-feira (07\/01), que estava&nbsp;<a href=\"https:\/\/gospelminas.com\/cantor-nani-azevedo-esta-com-infeccao-na-garganta-e-no-coracao-decorrentes-da-covid\/\" target=\"_blank\" rel=\"noreferrer noopener\">com uma infec\u00e7\u00e3o na garganta e uma miocardite<\/a>&nbsp;decorrentes do novo coronav\u00edrus. O cantor evang\u00e9lico havia sido internado no Centro de Tratamento Intensivo (CTI) por causa dessas novas infec\u00e7\u00f5es.<\/p>\n\n\n\n<p>Nesta quinta-feira (15\/01), o m\u00fasico voltou a afirmar que foi atrav\u00e9s de um cateterismo que os m\u00e9dicos da emerg\u00eancia perceberam uma altera\u00e7\u00e3o no mioc\u00e1rdio.Publicidade<ins><\/ins><\/p>\n\n\n\n<p>\u201cNa hora do cateterismo, o cora\u00e7\u00e3o desandou em alta velocidade, batendo ao contr\u00e1rio, tiveram que me dar choque para retornar e depois dessa ressuscita\u00e7\u00e3o fui parar na CTI novamente. A bact\u00e9ria da inflama\u00e7\u00e3o da garganta foi pro pulm\u00e3o e foi tomando conta de tudo, foi uma luta\u201d, contou ele em um v\u00eddeo publicado nesta quinta.<\/p>\n\n\n\n<h3><strong>SEGUNDA INTERNA\u00c7\u00c3O<\/strong><\/h3>\n\n\n\n<p>O cantor Nani Azevedo havia recebido alta do hospital em 30\/12, ap\u00f3s 09 dias internado em um hospital do Rio de Janeiro. O artista contraiu a Covid-19 e precisou ficar no CTI por 06 dias.<\/p>\n\n\n\n<p>Entretanto, no dia 07\/01, o m\u00fasico foi internado,&nbsp;<a href=\"https:\/\/gospelminas.com\/nani-azevedo-e-internado-no-cti-em-decorrencia-de-complicacoes-da-covid-19\/\" target=\"_blank\" rel=\"noreferrer noopener\">ap\u00f3s descobrir duas infec\u00e7\u00f5es e seguia tratando<\/a>&nbsp;em uma unidade hospitalar do Rio.Publicidade<ins><\/ins><\/p>\n\n\n\n<h3><strong>A UM PASSO DE INTUBA\u00c7\u00c3O<\/strong><\/h3>\n\n\n\n<p>O cantor disse que ele quase foi entubado pelos m\u00e9dicos, ap\u00f3s sua segunda interna\u00e7\u00e3o, mas que torceu e orou a Deus pela r\u00e1pida recupera\u00e7\u00e3o, e assim, melhorou a cada dia no hospital.<\/p>\n\n\n\n<p>\u201cAndei a um passo de ser entubado, quest\u00e3o de horas, mas Deus colocou as m\u00e3os e eu fui recuperando. Cada dia uma surpresa diferente, que eu dizia ao m\u00e9dico: \u2018hoje eu estou melhor que ontem, amanh\u00e3 melhor que hoje e amanh\u00e3 o senhor tem not\u00edcia boa pra lhe dar\u2019.<\/p>\n\n\n\n<p>Ele agradeceu a todas as pessoas que oraram e\/ou torceram para que ele sa\u00edsse do hospital com vida e bem.<\/p>\n\n\n\n<p>\u201cDeus botou a m\u00e3o e deu vit\u00f3ria mais uma vez, que logo estaremos juntos. A\u00ed, depois de um descanso, agora, que eu preciso de reabilita\u00e7\u00e3o, n\u00f3s estaremos juntos cantando e contando as obras do Senhor. Deus aben\u00e7oe a todos\u201d, disse ele.<\/p>\n\n\n\n<p>Ele voltou a alertar seus seguidores quanto ao v\u00edrus Covid-19 e lembrou-os da import\u00e2ncia de evitar o cont\u00e1gio por meio do distanciamento e do uso de m\u00e1scaras.Publicidade<ins><\/ins><\/p>\n\n\n\n<p>\u201cN\u00e3o brinquem com esse v\u00edrus. Continuem se protegendo, protegendo a fam\u00edlia tamb\u00e9m. Evitem aglomera\u00e7\u00f5es desnecess\u00e1rias. Logo esse vento passa e vem a\u00ed um tempo novo para todos n\u00f3s\u201d, disse.<\/p>\n\n\n\n<p>Confira o v\u00eddeo publicado por ele, no ato da sua alta:<\/p>\n\n\n\n<figure class=\"wp-block-embed-youtube wp-block-embed is-type-video is-provider-youtube wp-embed-aspect-16-9 wp-has-aspect-ratio\"><div class=\"wp-block-embed__wrapper\">\n<iframe loading=\"lazy\" title=\"Nani Azevedo recebe alta, ap\u00f3s infec\u00e7\u00f5es devido \u00e0 Covid-19\" width=\"630\" height=\"354\" src=\"https:\/\/www.youtube.com\/embed\/tNamIszLhPQ?feature=oembed\" frameborder=\"0\" allow=\"accelerometer; autoplay; clipboard-write; encrypted-media; gyroscope; picture-in-picture\" allowfullscreen><\/iframe>\n<\/div><\/figure>\n","protected":false},"excerpt":{"rendered":"<p>O\u00a0cantor gospel Nani Azevedo, de 57 anos, recebeu alta do hospital nesta sexta-feira (15\/01). O pr\u00f3prio cantor usou as redes sociais para dar essa \u00f3tima not\u00edcia aos seus seguidores, amigos e familiares. O cantor disse que sua alta \u00e9 um \u201cMilagre\u201d e agradeceu todas as ora\u00e7\u00f5es e apoio que recebeu. Nani Azevedo revelou na \u00faltima [&hellip;]<\/p>\n","protected":false},"author":2,"featured_media":7327,"comment_status":"open","ping_status":"open","sticky":false,"template":"","format":"standard","meta":[],"categories":[17,5],"tags":[],"_links":{"self":[{"href":"https:\/\/dgospel.com.br\/portal\/index.php\/wp-json\/wp\/v2\/posts\/7326"}],"collection":[{"href":"https:\/\/dgospel.com.br\/portal\/index.php\/wp-json\/wp\/v2\/posts"}],"about":[{"href":"https:\/\/dgospel.com.br\/portal\/index.php\/wp-json\/wp\/v2\/types\/post"}],"author":[{"embeddable":true,"href":"https:\/\/dgospel.com.br\/portal\/index.php\/wp-json\/wp\/v2\/users\/2"}],"replies":[{"embeddable":true,"href":"https:\/\/dgospel.com.br\/portal\/index.php\/wp-json\/wp\/v2\/comments?post=7326"}],"version-history":[{"count":1,"href":"https:\/\/dgospel.com.br\/portal\/index.php\/wp-json\/wp\/v2\/posts\/7326\/revisions"}],"predecessor-version":[{"id":7328,"href":"https:\/\/dgospel.com.br\/portal\/index.php\/wp-json\/wp\/v2\/posts\/7326\/revisions\/7328"}],"wp:featuredmedia":[{"embeddable":true,"href":"https:\/\/dgospel.com.br\/portal\/index.php\/wp-json\/wp\/v2\/media\/7327"}],"wp:attachment":[{"href":"https:\/\/dgospel.com.br\/portal\/index.php\/wp-json\/wp\/v2\/media?parent=7326"}],"wp:term":[{"taxonomy":"category","embeddable":true,"href":"https:\/\/dgospel.com.br\/portal\/index.php\/wp-json\/wp\/v2\/categories?post=7326"},{"taxonomy":"post_tag","embeddable":true,"href":"https:\/\/dgospel.com.br\/portal\/index.php\/wp-json\/wp\/v2\/tags?post=7326"}],"curies":[{"name":"wp","href":"https:\/\/api.w.org\/{rel}","templated":true}]}}