{"id":7335,"date":"2021-01-19T10:57:29","date_gmt":"2021-01-19T13:57:29","guid":{"rendered":"http:\/\/dgospel.com.br\/portal\/?p=7335"},"modified":"2021-01-19T10:57:31","modified_gmt":"2021-01-19T13:57:31","slug":"pazuello-diz-que-fez-tudo-por-manaus-e-critica-a-imprensa","status":"publish","type":"post","link":"https:\/\/dgospel.com.br\/portal\/index.php\/2021\/01\/19\/pazuello-diz-que-fez-tudo-por-manaus-e-critica-a-imprensa\/","title":{"rendered":"Pazuello diz que fez tudo por Manaus e critica a imprensa"},"content":{"rendered":"\n<p> O ministro da Sa\u00fade, Eduardo Pazuello, afastou do governo federal a responsabilidades pelo colapso de sa\u00fade em Manaus (AM). Desde a semana passada, a cidade n\u00e3o tem oxig\u00eanio para todos os pacientes da Covid-19 e at\u00e9 para beb\u00eas prematuros. <\/p>\n\n\n\n<p> \u2013 Fizemos tudo o que tinha de fazer. Estamos fazendo e vamos continuar fazendo \u2013 disse Pazuello nesta segunda-feira (18), no Pal\u00e1cio do Planalto, em entrevista \u00e0 imprensa. <\/p>\n\n\n\n<p>O general negou a lentid\u00e3o do governo federal para oferecer ajuda na entrega de insumos como o oxig\u00eanio e criticou a imprensa.<\/p>\n\n\n\n<p>\u2013 Tudo \u00e9 noticiado e apresentado diariamente. Nada disso chega desta forma a nossa popula\u00e7\u00e3o (\u2026) Essa \u00e9 a nossa guerra. A guerra contra as pessoas que est\u00e3o manipulando nosso pa\u00eds h\u00e1 muitos anos \u2013 explicou.<\/p>\n\n\n\n<p>O ministro ainda afirmou que o governo estuda o impacto da variante da Covid-19 que foi identificada em Manaus.<\/p>\n\n\n\n<p>\u2013 Para descobrir o grau de contamina\u00e7\u00e3o, se \u00e9 alto ou normal. Se causa gravidade maior. Se h\u00e1 impacto nas vacinas que estamos projetando ao pa\u00eds \u2013 afirmou.<\/p>\n\n\n\n<p>Pazuello afirmou que n\u00e3o adianta \u201ccolocar uma redoma em Manaus\u201d, pois a variante j\u00e1 circula no resto do Pa\u00eds.<\/p>\n\n\n\n<p>O governo federal disse ao Supremo Tribunal Federal (STF) que soube no dia 8 de janeiro da falta de oxig\u00eanio. No dia seguinte, segundo Pazuello, ele e sua equipe embarcaram para Manaus e houve refor\u00e7o na entrega de insumos.<\/p>\n\n\n\n<p>Ao lado de Pazuello na entrevista, o governador Wilson Lima disse que conseguiu, nesta segunda-feira, equilibrar a distribui\u00e7\u00e3o de oxig\u00eanio. Ele afirmou tamb\u00e9m que h\u00e1 preocupa\u00e7\u00e3o sobre nova press\u00e3o na rede de sa\u00fade em fevereiro, quando aumentam os casos de doen\u00e7as respirat\u00f3rias.<\/p>\n\n\n\n<p>Pazuello afirmou que, mesmo com o exemplo de Manaus, o governo federal n\u00e3o deve realizar novas campanhas para incentivar o distanciamento social e outras medidas contra a Covid-19.<\/p>\n\n\n\n<p>\u2013 O minist\u00e9rio j\u00e1 faz campanha sobre isso. E muito abrangentes \u2013 apontou.<\/p>\n\n\n\n<p><strong>\u2018TRATAMENTO PRECOCE\u2019<\/strong><\/p>\n\n\n\n<p>Na entrevista \u00e0 imprensa nesta segunda-feira, Pazuello disse que jamais elaborou protocolo ou estimulou o uso de qualquer medicamento. Segundo Pazuello, a defesa do governo federal \u00e9 pelo \u201catendimento precoce\u201d.<\/p>\n\n\n\n<p>\u2013 A senhora nunca me viu receitar ou dizer, colocar para pessoas tomarem este ou aquele rem\u00e9dio. N\u00e3o aceito a sua posi\u00e7\u00e3o\u201d, disse Pazuello, no Planalto, a uma jornalista que o questionava sobre rem\u00e9dios para a Covid-19.<\/p>\n\n\n\n<p>Em seguida, o general afirmou que o governo seguir\u00e1 entregando o medicamento, \u201cquando solicitado\u201d por estados.<\/p>\n\n\n\n<p>\u2013 Nunca indiquei medicamentos a ningu\u00e9m. Nunca autorizei o Minist\u00e9rio da Sa\u00fade a fazer protocolos indicando os medicamentos \u2013 destacou.<\/p>\n\n\n\n<p>*Estad\u00e3o<\/p>\n","protected":false},"excerpt":{"rendered":"<p>O ministro da Sa\u00fade, Eduardo Pazuello, afastou do governo federal a responsabilidades pelo colapso de sa\u00fade em Manaus (AM). Desde a semana passada, a cidade n\u00e3o tem oxig\u00eanio para todos os pacientes da Covid-19 e at\u00e9 para beb\u00eas prematuros. \u2013 Fizemos tudo o que tinha de fazer. Estamos fazendo e vamos continuar fazendo \u2013 disse [&hellip;]<\/p>\n","protected":false},"author":2,"featured_media":7336,"comment_status":"open","ping_status":"open","sticky":false,"template":"","format":"standard","meta":[],"categories":[4],"tags":[13,14],"_links":{"self":[{"href":"https:\/\/dgospel.com.br\/portal\/index.php\/wp-json\/wp\/v2\/posts\/7335"}],"collection":[{"href":"https:\/\/dgospel.com.br\/portal\/index.php\/wp-json\/wp\/v2\/posts"}],"about":[{"href":"https:\/\/dgospel.com.br\/portal\/index.php\/wp-json\/wp\/v2\/types\/post"}],"author":[{"embeddable":true,"href":"https:\/\/dgospel.com.br\/portal\/index.php\/wp-json\/wp\/v2\/users\/2"}],"replies":[{"embeddable":true,"href":"https:\/\/dgospel.com.br\/portal\/index.php\/wp-json\/wp\/v2\/comments?post=7335"}],"version-history":[{"count":1,"href":"https:\/\/dgospel.com.br\/portal\/index.php\/wp-json\/wp\/v2\/posts\/7335\/revisions"}],"predecessor-version":[{"id":7337,"href":"https:\/\/dgospel.com.br\/portal\/index.php\/wp-json\/wp\/v2\/posts\/7335\/revisions\/7337"}],"wp:featuredmedia":[{"embeddable":true,"href":"https:\/\/dgospel.com.br\/portal\/index.php\/wp-json\/wp\/v2\/media\/7336"}],"wp:attachment":[{"href":"https:\/\/dgospel.com.br\/portal\/index.php\/wp-json\/wp\/v2\/media?parent=7335"}],"wp:term":[{"taxonomy":"category","embeddable":true,"href":"https:\/\/dgospel.com.br\/portal\/index.php\/wp-json\/wp\/v2\/categories?post=7335"},{"taxonomy":"post_tag","embeddable":true,"href":"https:\/\/dgospel.com.br\/portal\/index.php\/wp-json\/wp\/v2\/tags?post=7335"}],"curies":[{"name":"wp","href":"https:\/\/api.w.org\/{rel}","templated":true}]}}