{"id":734,"date":"2018-07-10T08:54:22","date_gmt":"2018-07-10T11:54:22","guid":{"rendered":"http:\/\/dgospel.com.br\/portal\/?p=734"},"modified":"2018-07-10T08:54:22","modified_gmt":"2018-07-10T11:54:22","slug":"lazaro-botelho-parabeniza-carlesse-e-agradece-apoio-de-prefeitos-vereadores-e-liderancas-tocantinenses","status":"publish","type":"post","link":"https:\/\/dgospel.com.br\/portal\/index.php\/2018\/07\/10\/lazaro-botelho-parabeniza-carlesse-e-agradece-apoio-de-prefeitos-vereadores-e-liderancas-tocantinenses\/","title":{"rendered":"L\u00e1zaro Botelho parabeniza Carlesse e agradece apoio de prefeitos, vereadores e lideran\u00e7as tocantinenses"},"content":{"rendered":"<p class=\"yiv3961496680gmail-MsoNoSpacing\">O deputado federal L\u00e1zaro Botelho (Progressistas) parabenizou nesta segunda-feira, 09, em Palmas o governador, Mauro Carlesse (PHS), pela sua diploma\u00e7\u00e3o e posse, ocorridas respectivamente no Tribunal Regional Eleitoral (TRE-TO) e na Assembleia Legislativa (AL-TO).\u00a0Na oportunidade, o parlamentar tocantinense tamb\u00e9m agradeceu os prefeitos, vereadores, secret\u00e1rios e todas as lideran\u00e7as que o acompanharam e acreditaram em Carlesse. \u201cSem essa for\u00e7a n\u00e3o ter\u00edamos alcan\u00e7ando a vit\u00f3ria\u201d, afirmou.<\/p>\n<p class=\"yiv3961496680gmail-MsoNoSpacing\">\n<p class=\"yiv3961496680gmail-MsoNoSpacing\">Para L\u00e1zaro, a posse do Governador e do seu vice, Wanderlei Barbosa, manter\u00e1 a estabilidade que o Estado precisa. \u201cFico muito feliz de ter contribu\u00eddo com essa vit\u00f3ria. A humildade e o trabalho do Carlesse com certeza ser\u00e1 importante para o desenvolvimento do Tocantins. Eu estarei em Bras\u00edlia e nos munic\u00edpios como sempre estive fazendo a minha parte e contribuindo para a Gest\u00e3o\u201d, disse.<\/p>\n<p class=\"yiv3961496680gmail-MsoNoSpacing\">\n<p class=\"yiv3961496680gmail-MsoNoSpacing\">Em uma das entrevistas dadas, Carlesse agradeceu a presen\u00e7a de todos e adiantou algumas das a\u00e7\u00f5es que ser\u00e3o realizadas e destacou que trabalhar\u00e1 para reduzir as despesas do Governo. \u201cEstamos preparando algumas medidas que anunciaremos na pr\u00f3xima semana. N\u00e3o haver\u00e1 demiss\u00f5es, pois estamos em per\u00edodo eleitoral, mas buscaremos reduzir as despesas da m\u00e1quina onde for poss\u00edvel. Trabalharei para que tudo seja conduzido de forma positiva\u201d, declarou.<\/p>\n<p class=\"yiv3961496680gmail-MsoNoSpacing\">\n<p class=\"yiv3961496680gmail-MsoNoSpacing\"><b>Vit\u00f3ria<\/b><\/p>\n<p class=\"yiv3961496680gmail-MsoNoSpacing\">\n<p class=\"yiv3961496680gmail-MsoNoSpacing\">Carlesse e Wanderlei foram eleitos no segundo turno da Elei\u00e7\u00e3o Suplementar com 75,14% dos votos v\u00e1lidos. O mandato de ambos vai at\u00e9 31 de dezembro. Entretanto, os dois poder\u00e3o concorrer \u00e0 reelei\u00e7\u00e3o nas pr\u00f3ximas Elei\u00e7\u00f5es. O Primeiro turno acontece no dia 7 de outubro; j\u00e1 o segundo turno ser\u00e1 em 28 de outubro.<\/p>\n<p>&nbsp;<\/p>\n","protected":false},"excerpt":{"rendered":"<p>O deputado federal L\u00e1zaro Botelho (Progressistas) parabenizou nesta segunda-feira, 09, em Palmas o governador, Mauro Carlesse (PHS), pela sua diploma\u00e7\u00e3o e posse, ocorridas respectivamente no Tribunal Regional Eleitoral (TRE-TO) e na Assembleia Legislativa (AL-TO).\u00a0Na oportunidade, o parlamentar tocantinense tamb\u00e9m agradeceu os prefeitos, vereadores, secret\u00e1rios e todas as lideran\u00e7as que o acompanharam e acreditaram em Carlesse. [&hellip;]<\/p>\n","protected":false},"author":2,"featured_media":735,"comment_status":"open","ping_status":"open","sticky":false,"template":"","format":"standard","meta":[],"categories":[2,4],"tags":[],"_links":{"self":[{"href":"https:\/\/dgospel.com.br\/portal\/index.php\/wp-json\/wp\/v2\/posts\/734"}],"collection":[{"href":"https:\/\/dgospel.com.br\/portal\/index.php\/wp-json\/wp\/v2\/posts"}],"about":[{"href":"https:\/\/dgospel.com.br\/portal\/index.php\/wp-json\/wp\/v2\/types\/post"}],"author":[{"embeddable":true,"href":"https:\/\/dgospel.com.br\/portal\/index.php\/wp-json\/wp\/v2\/users\/2"}],"replies":[{"embeddable":true,"href":"https:\/\/dgospel.com.br\/portal\/index.php\/wp-json\/wp\/v2\/comments?post=734"}],"version-history":[{"count":1,"href":"https:\/\/dgospel.com.br\/portal\/index.php\/wp-json\/wp\/v2\/posts\/734\/revisions"}],"predecessor-version":[{"id":736,"href":"https:\/\/dgospel.com.br\/portal\/index.php\/wp-json\/wp\/v2\/posts\/734\/revisions\/736"}],"wp:featuredmedia":[{"embeddable":true,"href":"https:\/\/dgospel.com.br\/portal\/index.php\/wp-json\/wp\/v2\/media\/735"}],"wp:attachment":[{"href":"https:\/\/dgospel.com.br\/portal\/index.php\/wp-json\/wp\/v2\/media?parent=734"}],"wp:term":[{"taxonomy":"category","embeddable":true,"href":"https:\/\/dgospel.com.br\/portal\/index.php\/wp-json\/wp\/v2\/categories?post=734"},{"taxonomy":"post_tag","embeddable":true,"href":"https:\/\/dgospel.com.br\/portal\/index.php\/wp-json\/wp\/v2\/tags?post=734"}],"curies":[{"name":"wp","href":"https:\/\/api.w.org\/{rel}","templated":true}]}}