{"id":7341,"date":"2021-01-19T11:23:47","date_gmt":"2021-01-19T14:23:47","guid":{"rendered":"http:\/\/dgospel.com.br\/portal\/?p=7341"},"modified":"2021-01-19T11:23:48","modified_gmt":"2021-01-19T14:23:48","slug":"mauro-carlesse-lanca-campanha-de-vacinacao-contra-covid-19-no-tocantins","status":"publish","type":"post","link":"https:\/\/dgospel.com.br\/portal\/index.php\/2021\/01\/19\/mauro-carlesse-lanca-campanha-de-vacinacao-contra-covid-19-no-tocantins\/","title":{"rendered":"Mauro Carlesse lan\u00e7a campanha de vacina\u00e7\u00e3o contra covid-19 no Tocantins"},"content":{"rendered":"\n<p>O governador do Estado do Tocantins, Mauro Carlesse, deu in\u00edcio na noite desta segunda-feira, 18, \u00e0 campanha de vacina\u00e7\u00e3o contra a Covid-19. As tr\u00eas primeiras pessoas escolhidas, que pertencem aos grupos priorit\u00e1rios, j\u00e1 foram imunizadas durante a solenidade de lan\u00e7amento da campanha, realizada no Laborat\u00f3rio Central do Estado (Lacen).<\/p>\n\n\n\n<p>O Minist\u00e9rio da Sa\u00fade enviou 44 mil doses da vacina CoronaVac ao Tocantins, que ser\u00e3o utilizadas na primeira e segunda doses da imuniza\u00e7\u00e3o dos trabalhadores da sa\u00fade, popula\u00e7\u00e3o ind\u00edgena vivendo em terras ind\u00edgenas e idosos com 60 anos ou mais, que estejam em institui\u00e7\u00f5es de longa perman\u00eancia.<\/p>\n\n\n\n<p>Para os que receberam o imunizante, o sentimento \u00e9 de alegria e gratid\u00e3o em participar do evento que marcou o in\u00edcio daquilo que pode representar a esperan\u00e7a de dias melhores para toda a popula\u00e7\u00e3o. \u201cUma emo\u00e7\u00e3o muito grande, principalmente por j\u00e1 ter contra\u00eddo o v\u00edrus e agora ter a oportunidade de ser vacinada. Agrade\u00e7o a Deus e ao Governo do Estado que sempre se empenhou para que esse momento fosse concretizado\u201d, comemorou Edileuza Ferreira dos Santos, de 52 anos, que atua na linha de frente no Hospital Regional de Gurupi.<\/p>\n\n\n\n<p>O mesmo sentimento foi compartilhado pela t\u00e9cnica em Enfermagem do Hospital Geral de Palmas (HGP) Joc\u00edlia Tito Barbosa, que optou em permanecer trabalhando na linha de frente de combate \u00e0 Covid-19 desde o in\u00edcio da pandemia, mesmo fazendo parte do grupo de risco. \u201cA sensa\u00e7\u00e3o foi maravilhosa em saber que estamos iniciando uma campanha desse porte, que representa a esperan\u00e7a para os colegas e para a popula\u00e7\u00e3o. Essa data \u00e9 hist\u00f3rica e temos que agradecer a Deus e aqueles que lutaram para que esse momento fosse concretizado\u201d, disse.&nbsp;<\/p>\n\n\n\n<p>A terceira pessoa vacinada na solenidade foi Jos\u00e9 Arnaldo, 30 anos, da etnia Xerente, da Aldeia Funil, localizada em Tocant\u00ednia.<\/p>\n\n\n\n<p>O governador Mauro Carlesse agradeceu a equipe da Secret\u00e1ria da Sa\u00fade e lembrou das dificuldades enfrentadas com o advento da pandemia e a luta junto ao Minist\u00e9rio da Sa\u00fade em busca de ajuda. \u201cEsse dia representa f\u00e9 e esperan\u00e7a. Gra\u00e7as a Deus hoje estamos podendo realizar esse dia hist\u00f3rico, que \u00e9 motivo de muita felicidade, mas \u00e9 importante lembrar que com a pandemia vieram a falta de oportunidade, o desemprego e a fome para muitas fam\u00edlias, que nos obrigou a atender esse segmento da popula\u00e7\u00e3o com kits de alimenta\u00e7\u00e3o\u201d, disse o governador, lembrando que somente em 2020 foram distribu\u00eddas mais de 1 milh\u00e3o de cestas b\u00e1sicas.<\/p>\n\n\n\n<p><strong>Plano de imuniza\u00e7\u00e3o<\/strong><\/p>\n\n\n\n<p>O Tocantins foi um dos primeiros estados a apresentar um Plano Estadual de Imuniza\u00e7\u00e3o contra a Covid-19. A Secretaria Estadual da Sa\u00fade j\u00e1 disp\u00f5e de estoque de seringas e da log\u00edstica definida para agilizar a entrega das doses aos 139 munic\u00edpios.<\/p>\n\n\n\n<p>O secret\u00e1rio de Estado da Sa\u00fade, Edgar Tollini, explicou que as doses enviadas pelo Minist\u00e9rio da Sa\u00fade ser\u00e3o utilizadas na aplica\u00e7\u00e3o das primeira e segunda doses. Segundo ele, a expectativa \u00e9 que os lotes sejam enviados em um curto espa\u00e7o de tempo para atender novos grupos priorit\u00e1rios, provavelmente profissionais da educa\u00e7\u00e3o, seguran\u00e7a e aqueles privados de liberdade.<\/p>\n\n\n\n<p>O secret\u00e1rio ressaltou que as vacinas ser\u00e3o enviadas imediatamente para todos os munic\u00edpios, sendo que o ente municipal ser\u00e1 respons\u00e1vel pela aplica\u00e7\u00e3o do imunizante e pela escolha das pessoas dos grupos priorit\u00e1rios indicados pelo Minist\u00e9rio da Sa\u00fade. Para facilitar a log\u00edstica, foram criados dois centros de distribui\u00e7\u00e3o, em Palmas e em Aragua\u00edna. \u201cCada munic\u00edpio tem a responsabilidade por seus cidad\u00e3os e com as pessoas dos grupos priorit\u00e1rios\u201d, frisou, ao adiantar que a expectativa \u00e9 vacinar a maior parte da popula\u00e7\u00e3o tocantinense ainda neste semestre.<\/p>\n\n\n\n<p>A CoronaVac foi desenvolvida pelo laborat\u00f3rio chin\u00eas Sinovac, e est\u00e1 sendo produzida, no Brasil, pelo Instituto Butantan, em S\u00e3o Paulo. O uso emergencial da vacina foi aprovado pela Ag\u00eancia Nacional de Vigil\u00e2ncia Sanit\u00e1ria (Anvisa) no \u00faltimo domingo, 17. A ag\u00eancia tamb\u00e9m aprovou o uso emergencial da vacina de Oxford.<\/p>\n","protected":false},"excerpt":{"rendered":"<p>O governador do Estado do Tocantins, Mauro Carlesse, deu in\u00edcio na noite desta segunda-feira, 18, \u00e0 campanha de vacina\u00e7\u00e3o contra a Covid-19. As tr\u00eas primeiras pessoas escolhidas, que pertencem aos grupos priorit\u00e1rios, j\u00e1 foram imunizadas durante a solenidade de lan\u00e7amento da campanha, realizada no Laborat\u00f3rio Central do Estado (Lacen). O Minist\u00e9rio da Sa\u00fade enviou 44 [&hellip;]<\/p>\n","protected":false},"author":2,"featured_media":7342,"comment_status":"open","ping_status":"open","sticky":false,"template":"","format":"standard","meta":[],"categories":[3],"tags":[13],"_links":{"self":[{"href":"https:\/\/dgospel.com.br\/portal\/index.php\/wp-json\/wp\/v2\/posts\/7341"}],"collection":[{"href":"https:\/\/dgospel.com.br\/portal\/index.php\/wp-json\/wp\/v2\/posts"}],"about":[{"href":"https:\/\/dgospel.com.br\/portal\/index.php\/wp-json\/wp\/v2\/types\/post"}],"author":[{"embeddable":true,"href":"https:\/\/dgospel.com.br\/portal\/index.php\/wp-json\/wp\/v2\/users\/2"}],"replies":[{"embeddable":true,"href":"https:\/\/dgospel.com.br\/portal\/index.php\/wp-json\/wp\/v2\/comments?post=7341"}],"version-history":[{"count":1,"href":"https:\/\/dgospel.com.br\/portal\/index.php\/wp-json\/wp\/v2\/posts\/7341\/revisions"}],"predecessor-version":[{"id":7343,"href":"https:\/\/dgospel.com.br\/portal\/index.php\/wp-json\/wp\/v2\/posts\/7341\/revisions\/7343"}],"wp:featuredmedia":[{"embeddable":true,"href":"https:\/\/dgospel.com.br\/portal\/index.php\/wp-json\/wp\/v2\/media\/7342"}],"wp:attachment":[{"href":"https:\/\/dgospel.com.br\/portal\/index.php\/wp-json\/wp\/v2\/media?parent=7341"}],"wp:term":[{"taxonomy":"category","embeddable":true,"href":"https:\/\/dgospel.com.br\/portal\/index.php\/wp-json\/wp\/v2\/categories?post=7341"},{"taxonomy":"post_tag","embeddable":true,"href":"https:\/\/dgospel.com.br\/portal\/index.php\/wp-json\/wp\/v2\/tags?post=7341"}],"curies":[{"name":"wp","href":"https:\/\/api.w.org\/{rel}","templated":true}]}}