{"id":7354,"date":"2021-01-19T15:46:15","date_gmt":"2021-01-19T18:46:15","guid":{"rendered":"http:\/\/dgospel.com.br\/portal\/?p=7354"},"modified":"2021-01-19T15:46:17","modified_gmt":"2021-01-19T18:46:17","slug":"apos-15-dias-internada-cantora-gospel-amanda-wanessa-mexe-pescoco-e-abre-os-olhos","status":"publish","type":"post","link":"https:\/\/dgospel.com.br\/portal\/index.php\/2021\/01\/19\/apos-15-dias-internada-cantora-gospel-amanda-wanessa-mexe-pescoco-e-abre-os-olhos\/","title":{"rendered":"Ap\u00f3s 15 dias internada, cantora gospel Amanda Wanessa mexe pesco\u00e7o e abre os olhos"},"content":{"rendered":"\n<p>Depois de 15 dias internada, o quadro de sa\u00fade da cantora gospel Amanda Wanessa segue evoluindo na Unidade de Terapia Intensiva (UTI) do Hospital Portugu\u00eas, no Centro do&nbsp;<a href=\"https:\/\/g1.globo.com\/pe\/pernambuco\/cidade\/recife\/\">Recife<\/a>, de acordo com informa\u00e7\u00f5es publicadas pelos familiares dela nas redes sociais. No dia 4 de dezembro, a artista sofreu um acidente de tr\u00e2nsito na PE-60, em&nbsp;<a href=\"https:\/\/g1.globo.com\/pe\/pernambuco\/cidade\/rio-formoso\/\">Rio Formoso<\/a>, na Zona da Mata de Pernambuco.<\/p>\n\n\n\n<p>De acordo com os familiares da cantora, ela tem respondido gradativamente aos est\u00edmulos. Ela j\u00e1 mexeu o pesco\u00e7o e abriu os olhos. &#8220;Segundo os m\u00e9dicos, sua recupera\u00e7\u00e3o \u00e9 uma quest\u00e3o de tempo&#8221;, disse a fam\u00edlia, numa postagem no Instagram.<\/p>\n\n\n\n<p>O quadro de sa\u00fade \u00e9 considerado est\u00e1vel e tem evolu\u00eddo gradativamente, ainda segundo parentes. O hospital n\u00e3o recebeu autoriza\u00e7\u00e3o da fam\u00edlia de Amanda para divulgar informa\u00e7\u00f5es sobre a paciente.<\/p>\n\n\n\n<p>No dia 10, a assessoria da gravadora MK Music divulgou nota informando que ap\u00f3s, passar por cirurgias, &#8220;<a href=\"https:\/\/g1.globo.com\/pe\/pernambuco\/noticia\/2021\/01\/10\/cantora-amanda-wanessa-tem-sedacao-diminuida-e-mexe-olhos-e-braco-diz-gravadora-em-nota.ghtml\">mexeu olhos e bra\u00e7o<\/a>&nbsp;num momento em que o marido, Dobson Santos, estava ao seu lado&#8221;.<\/p>\n\n\n\n<p>A filha do casal, Mel, de seis anos, tamb\u00e9m estava no ve\u00edculo e foi internada. Ela&nbsp;<a href=\"https:\/\/g1.globo.com\/pe\/pernambuco\/noticia\/2021\/01\/06\/filha-de-amanda-wanessa-tem-alta-diz-cunhado-da-cantora.ghtml\">precisou passar por uma cirurgia no ombro, mas teve alta<\/a>&nbsp;dois dias depois da colis\u00e3o.<\/p>\n\n\n\n<p>Ap\u00f3s o acidente, f\u00e3s de Amanda Wanessa&nbsp;<a href=\"https:\/\/g1.globo.com\/pe\/pernambuco\/noticia\/2021\/01\/07\/fas-de-amanda-wanessa-doam-sangue-e-fazem-campanha-na-internet-cantora-gospel-esta-em-uti-apos-acidente.ghtml\">iniciaram uma campanha de doa\u00e7\u00e3o de sangue<\/a>&nbsp;para a cantora. Amigos, cantores e familiares tamb\u00e9m&nbsp;<a href=\"https:\/\/g1.globo.com\/pe\/pernambuco\/noticia\/2021\/01\/06\/amigos-pedem-oracoes-por-cantora-gospel-amana-wanessa-internada-apos-acidente-na-pe-60.ghtml\">enviaram mensagens de otimismo pelas redes sociais<\/a>, desejando a recupera\u00e7\u00e3o da artista.<\/p>\n\n\n\n<figure class=\"wp-block-image\"><img src=\"https:\/\/s2.glbimg.com\/HsTWkfX8MQ-Q7Pddi-j2FhCNcRI=\/0x0:1032x1280\/984x0\/smart\/filters:strip_icc()\/i.s3.glbimg.com\/v1\/AUTH_59edd422c0c84a879bd37670ae4f538a\/internal_photos\/bs\/2021\/W\/A\/eeWpAwSvCvLOA0aGxt2Q\/juciara-pimentel.jpg\" alt=\"Juciara Pimentel, que estava no carro da cantora Amanda Vanessa no momento do acidente, publicou foto para agradecer mensagens de apoio \u2014 Foto: Reprodu\u00e7\u00e3o\/Instagram\"\/><\/figure>\n\n\n\n<p>Juciara Pimentel, que estava no carro da cantora Amanda Vanessa no momento do acidente, publicou foto para agradecer mensagens de apoio \u2014 Foto: Reprodu\u00e7\u00e3o\/Instagram<\/p>\n\n\n\n<p>Tamb\u00e9m pelas redes sociais, Juciara Pimentel, amiga de Amanda que estava no ve\u00edculo da cantora no momento do acidente, publicou uma foto para agradecer as mensagens de apoio, depois de&nbsp;<a href=\"https:\/\/g1.globo.com\/pe\/caruaru-regiao\/noticia\/2021\/01\/08\/cantora-juciara-pimentel-que-estava-com-amanda-wanessa-em-acidente-recebe-alta-em-palmares.ghtml\">receber alta hospitalar em Palmares<\/a>.<\/p>\n\n\n\n<h2>O acidente<\/h2>\n\n\n\n<p>O acidente aconteceu no quil\u00f4metro 56 da PE-60, no munic\u00edpio de\u00a0<a href=\"https:\/\/g1.globo.com\/pe\/pernambuco\/cidade\/rio-formoso\/\">Rio Formoso<\/a>, na Zona da Mata de Pernambuco. A cantora dirigia um carro e estava acompanhada do pai, da filha e da amiga Juciara Pimentel quando o acidente aconteceu. O pai da artista n\u00e3o precisou ser internado.<\/p>\n\n\n\n<p>O cunhado dela, Denilson Santos, relatou que um caminh\u00e3o de tijolos invadiu a faixa contr\u00e1ria, colidindo com o ve\u00edculo em que Amanda e as outras tr\u00eas pessoas estavam. Segundo ele, a artista estava de f\u00e9rias no m\u00eas de janeiro.<\/p>\n\n\n\n<h1><\/h1>\n","protected":false},"excerpt":{"rendered":"<p>Depois de 15 dias internada, o quadro de sa\u00fade da cantora gospel Amanda Wanessa segue evoluindo na Unidade de Terapia Intensiva (UTI) do Hospital Portugu\u00eas, no Centro do&nbsp;Recife, de acordo com informa\u00e7\u00f5es publicadas pelos familiares dela nas redes sociais. No dia 4 de dezembro, a artista sofreu um acidente de tr\u00e2nsito na PE-60, em&nbsp;Rio Formoso, [&hellip;]<\/p>\n","protected":false},"author":2,"featured_media":7355,"comment_status":"open","ping_status":"open","sticky":false,"template":"","format":"standard","meta":[],"categories":[17,5],"tags":[],"_links":{"self":[{"href":"https:\/\/dgospel.com.br\/portal\/index.php\/wp-json\/wp\/v2\/posts\/7354"}],"collection":[{"href":"https:\/\/dgospel.com.br\/portal\/index.php\/wp-json\/wp\/v2\/posts"}],"about":[{"href":"https:\/\/dgospel.com.br\/portal\/index.php\/wp-json\/wp\/v2\/types\/post"}],"author":[{"embeddable":true,"href":"https:\/\/dgospel.com.br\/portal\/index.php\/wp-json\/wp\/v2\/users\/2"}],"replies":[{"embeddable":true,"href":"https:\/\/dgospel.com.br\/portal\/index.php\/wp-json\/wp\/v2\/comments?post=7354"}],"version-history":[{"count":1,"href":"https:\/\/dgospel.com.br\/portal\/index.php\/wp-json\/wp\/v2\/posts\/7354\/revisions"}],"predecessor-version":[{"id":7356,"href":"https:\/\/dgospel.com.br\/portal\/index.php\/wp-json\/wp\/v2\/posts\/7354\/revisions\/7356"}],"wp:featuredmedia":[{"embeddable":true,"href":"https:\/\/dgospel.com.br\/portal\/index.php\/wp-json\/wp\/v2\/media\/7355"}],"wp:attachment":[{"href":"https:\/\/dgospel.com.br\/portal\/index.php\/wp-json\/wp\/v2\/media?parent=7354"}],"wp:term":[{"taxonomy":"category","embeddable":true,"href":"https:\/\/dgospel.com.br\/portal\/index.php\/wp-json\/wp\/v2\/categories?post=7354"},{"taxonomy":"post_tag","embeddable":true,"href":"https:\/\/dgospel.com.br\/portal\/index.php\/wp-json\/wp\/v2\/tags?post=7354"}],"curies":[{"name":"wp","href":"https:\/\/api.w.org\/{rel}","templated":true}]}}